{"id":10003,"date":"2014-01-18T12:09:46","date_gmt":"2014-01-18T11:09:46","guid":{"rendered":"http:\/\/www.gruene-badoeynhausen.de\/wp\/?p=10003"},"modified":"2014-01-18T12:59:46","modified_gmt":"2014-01-18T11:59:46","slug":"gruene-antworten-auf-spd-plaene-zur-buergermeisterausschreibung","status":"publish","type":"post","link":"https:\/\/www.gruene-badoeynhausen.de\/wp\/2014\/01\/gruene-antworten-auf-spd-plaene-zur-buergermeisterausschreibung\/","title":{"rendered":"Gr\u00fcne antworten auf SPD-Pl\u00e4ne zur B\u00fcrgermeisterausschreibung"},"content":{"rendered":"<p><img decoding=\"async\" style=\"margin-left: 10px;\" src=\"http:\/\/www.gruene-badoeynhausen.de\/bilder\/portraits\/v_brand.jpg\" alt=\"\" align=\"right\" border=\"0\" \/> Prima vista scheint es ein interessanter Vorschlag zu sein, wenn die SPD die Kandidatenk\u00fcr f\u00fcr die kommende B\u00fcrgermeisterwahl \u00f6ffnet. Wahrscheinlich im Herbst 2015 wird der Nachfolger von B\u00fcrgermeister  Klaus Mueller\u2013Zahlmann (SPD) gesucht, der nicht wieder antreten wird. Nach Vorstellungen der SPD sollen sich interessierte und kompetente Bewerber, auch parteilose Kandidaten, bewerben.<\/p>\n<p>Der Fraktionsvorsitzende der SPD,  Dr. Olaf Winkelmann, k\u00fcndigt sogar an, \u00fcber diesen Vorgang ein Benehmen mit anderen Ratsfraktionen anzustreben. Aber was steckt wirklich hinter dieser scheinbaren Beteiligungsofferte?<!--more--><\/p>\n<p>Zun\u00e4chst einmal wird offenkundig, dass es der SPD an geeignetem Personal f\u00fcr diese Aufgabe fehlt. Die un\u00fcberbr\u00fcckbaren Gegens\u00e4tze zwischen SPD Bad Oeynhausen und dem amtierenden B\u00fcrgermeister aus den eigenen Reihen Mueller\u2013Zahlmann lassen dar\u00fcber hinaus vermuten, dass ein SPD\u2013Kandidat nicht auf die Unterst\u00fctzung des gesamten W\u00e4hlerpotenzials der SPD hoffen darf. Gute Gr\u00fcnde f\u00fcr Olaf Winkelmann qua Chancenlosigkeit seinen Hut nicht in den Ring zu werfen. So gesehen, ist der Vorschlag der SPD ein medientr\u00e4chtiger Versuch, aus der Not eine Tugend zu machen.<\/p>\n<p>M\u00f6glich ist ferner, dass auch potenzielle Bewerber der heimischen CDU die Courage fehlt, wie 2009 nicht zu kandidieren. Zu frisch vielleicht noch das Hauen und Stechen in den eigenen Reihen im Jahr 2004. Manch ambitionierter CDU\u2013Politiker hat sich bei seiner gescheiterten Kandidatur 2004 vielleicht f\u00fcr seinen Lebensentwurf von der Chance verabschiedet, B\u00fcrgermeister zu werden. Vor diesem Hintergrund ist es nicht ausgeschlossen, dass die Kumpanei zwischen CDU\u2013Fraktionsvorsitzenden Nagel und SPD\u2013Chef Winkelmann bereits einen gemeinsamen parteilosen Kandidaten ins Auge genommen hat. In diesem Zusammenhang wird die Reaktion von Nagel auf den Vorschlag der SPD von besonderem Interesse sein.<\/p>\n<p>Also sind die W\u00fcrfel vielleicht schon gefallen. Wenn nicht ist der SPD Vorschlag zur \u00d6ffnung der Kandidatenk\u00fcr in jedem Fall ein halbherziger Versuch, einen gro\u00dfen gesellschaftlichen Konsens zu erzielen. Ein \u00fcberparteilicher Kandidat, der dann vom SPD\u2013Vorstand gek\u00fcrt wird, das kann es wohl nicht sein. Wenn es Winkelmann wirklich Ernst gemeint h\u00e4tte, dann geht man erst auf die Fraktionen zu und dann an die \u00d6ffentlichkeit.  <\/p>\n","protected":false},"excerpt":{"rendered":"<p>Prima vista scheint es ein interessanter Vorschlag zu sein, wenn die SPD die Kandidatenk\u00fcr f\u00fcr die kommende B\u00fcrgermeisterwahl \u00f6ffnet. Wahrscheinlich im Herbst 2015 wird der Nachfolger von B\u00fcrgermeister Klaus Mueller\u2013Zahlmann [&hellip;]<\/p>\n","protected":false},"author":2,"featured_media":0,"comment_status":"open","ping_status":"open","sticky":false,"template":"","format":"standard","meta":{"activitypub_content_warning":"","activitypub_content_visibility":"","activitypub_max_image_attachments":3,"activitypub_interaction_policy_quote":"anyone","activitypub_status":"","footnotes":""},"categories":[5,7,6],"tags":[60,82,17,81],"class_list":["post-10003","post","type-post","status-publish","format-standard","hentry","category-fraktion","category-meinung","category-pressemitteilung","tag-bad-oeynhausen","tag-buergermeister","tag-kommunikation","tag-wahlen"],"share_on_mastodon":{"url":"","error":""},"_links":{"self":[{"href":"https:\/\/www.gruene-badoeynhausen.de\/wp\/wp-json\/wp\/v2\/posts\/10003","targetHints":{"allow":["GET"]}}],"collection":[{"href":"https:\/\/www.gruene-badoeynhausen.de\/wp\/wp-json\/wp\/v2\/posts"}],"about":[{"href":"https:\/\/www.gruene-badoeynhausen.de\/wp\/wp-json\/wp\/v2\/types\/post"}],"author":[{"embeddable":true,"href":"https:\/\/www.gruene-badoeynhausen.de\/wp\/wp-json\/wp\/v2\/users\/2"}],"replies":[{"embeddable":true,"href":"https:\/\/www.gruene-badoeynhausen.de\/wp\/wp-json\/wp\/v2\/comments?post=10003"}],"version-history":[{"count":6,"href":"https:\/\/www.gruene-badoeynhausen.de\/wp\/wp-json\/wp\/v2\/posts\/10003\/revisions"}],"predecessor-version":[{"id":10401,"href":"https:\/\/www.gruene-badoeynhausen.de\/wp\/wp-json\/wp\/v2\/posts\/10003\/revisions\/10401"}],"wp:attachment":[{"href":"https:\/\/www.gruene-badoeynhausen.de\/wp\/wp-json\/wp\/v2\/media?parent=10003"}],"wp:term":[{"taxonomy":"category","embeddable":true,"href":"https:\/\/www.gruene-badoeynhausen.de\/wp\/wp-json\/wp\/v2\/categories?post=10003"},{"taxonomy":"post_tag","embeddable":true,"href":"https:\/\/www.gruene-badoeynhausen.de\/wp\/wp-json\/wp\/v2\/tags?post=10003"}],"curies":[{"name":"wp","href":"https:\/\/api.w.org\/{rel}","templated":true}]}}