{"id":205,"date":"2010-10-01T16:28:40","date_gmt":"2010-10-01T15:28:40","guid":{"rendered":"http:\/\/www.gruene-badoeynhausen.de\/wp\/?p=205"},"modified":"2011-12-31T16:29:38","modified_gmt":"2011-12-31T15:29:38","slug":"deeskalation","status":"publish","type":"post","link":"https:\/\/www.gruene-badoeynhausen.de\/wp\/2010\/10\/deeskalation\/","title":{"rendered":"Deeskalation"},"content":{"rendered":"<p>Liebe Freunde,<\/p>\n<p>ich bin aufgebracht und erbost. Jede Polizeiorganisation lernt die Deeskalation. Nur nicht in Baden-W\u00fcrttemberg.<br \/>Diese erschreckenden Bilder machen sprachlos. Aber wir d\u00fcrfen die Sprache nicht verlieren, sondern m\u00fcssen uns laut zu Wort melden.<\/p>\n<hr id=\"system-readmore\" \/>\n<p><img decoding=\"async\" src=\"http:\/\/www.gruene-badoeynhausen.de\/bilder\/artikelbilder\/20101001_wasserwerfer_stuttgart21.jpg\" border=\"0\" align=\"right\" \/>Was muss das f\u00fcr eine Polizeif\u00fchrung sein, die ihre Beamten in eine solche widerliche Schlacht f\u00fchrt.<br \/>Die k\u00f6nnen gar nichts, weder Hochdeutsch- noch mit friedlich demonstrierenden B\u00fcrgern umgehen.<br \/>Eine angemeldete, genehmigte, friedliche Sch\u00fclerdemonstration wurde brutal zusammengekn\u00fcppelt.<br \/>Meldet Euch zu Wort, sprecht dar\u00fcber.<\/p>\n<p>Die so handelnden Politiker m\u00fcssen abgestraft werden.<\/p>\n<p>Lassen wir nicht zu, dass Polizisten aus NRW f\u00fcr solche Aktionen misbraucht werden.Sie wurden angefordert.<br \/>Wendet Euch an den Innenminister, damit kein Nordrheinwestfale Scherge der Politeska werden muss.<br \/>Ich hatte geglaubt, wir w\u00e4ren l\u00e4ngst weiter.<\/p>\n<p>Euer Rainer M\u00fcller-Held<\/p>\n<\/p>\n<hr \/>\n<p>Angesichts der ersch\u00fctternden Ereignisse rund um die Demonstrationen gegen den Umbau des Stuttgarter Bahnhofs haben die Abgeordneten der Gr\u00fcnen Landtagsfraktion NRW folgende Erkl\u00e4rung unterzeichnet:<\/p>\n<p>\u201eWir erkl\u00e4ren unsere Solidarit\u00e4t mit den Gegnern des Bahnprojektes Stuttgart 21, die derzeit mit einem massiven Polizeieinsatz im Stuttgarter Schlosspark \u00fcberzogen werden. Die Bilder aus Stuttgart zeigen eine Machdemonstration, die buchst\u00e4blich auf dem R\u00fccken kritischer B\u00fcrgerinnen und B\u00fcrger ausge\u00fcbt wird. Hier droht eine Eskalation der Auseinandersetzung, die bislang mit friedlichen und demokratischen Mitteln gef\u00fchrt wurde. Die Argumente der Gegner des Bahnprojektes sind \u00fcberzeugend und verlangen nach einer Debatte, die nur mit einem Baustopp sinnvoll gef\u00fchrt werden kann. Auch wenn die Entscheidung f\u00fcr oder gegen Stuttgart 21 in Stuttgart fallen muss, wissen wir, dass mit der Bindung milliardenschwerer Investitionen der Bahn in einem jegliche Finanzdimension sprengenden Bauvorhaben in Stuttgart dringend \u00fcberf\u00e4llige Investitionen auch in unserem Bundesland in weite Ferne r\u00fccken.<\/p>\n<p>Wir hoffen mit den tausenden engagierten Menschen vor Ort, dass es gelingt, einen gewaltfreien und friedlichen L\u00f6sungsweg des Konfliktes zu finden. Diese R\u00e4umung heute jedenfalls war kein Beitrag zur Verst\u00e4ndigung.\u201c<\/p>\n<p><\/p>\n","protected":false},"excerpt":{"rendered":"<p>Liebe Freunde, ich bin aufgebracht und erbost. Jede Polizeiorganisation lernt die Deeskalation. Nur nicht in Baden-W\u00fcrttemberg.Diese erschreckenden Bilder machen sprachlos. Aber wir d\u00fcrfen die Sprache nicht verlieren, sondern m\u00fcssen uns [&hellip;]<\/p>\n","protected":false},"author":5,"featured_media":0,"comment_status":"open","ping_status":"open","sticky":false,"template":"","format":"standard","meta":{"activitypub_content_warning":"","activitypub_content_visibility":"","activitypub_max_image_attachments":3,"activitypub_interaction_policy_quote":"anyone","activitypub_status":"","footnotes":""},"categories":[7,4],"tags":[],"class_list":["post-205","post","type-post","status-publish","format-standard","hentry","category-meinung","category-ortsverband"],"share_on_mastodon":{"url":"","error":""},"_links":{"self":[{"href":"https:\/\/www.gruene-badoeynhausen.de\/wp\/wp-json\/wp\/v2\/posts\/205","targetHints":{"allow":["GET"]}}],"collection":[{"href":"https:\/\/www.gruene-badoeynhausen.de\/wp\/wp-json\/wp\/v2\/posts"}],"about":[{"href":"https:\/\/www.gruene-badoeynhausen.de\/wp\/wp-json\/wp\/v2\/types\/post"}],"author":[{"embeddable":true,"href":"https:\/\/www.gruene-badoeynhausen.de\/wp\/wp-json\/wp\/v2\/users\/5"}],"replies":[{"embeddable":true,"href":"https:\/\/www.gruene-badoeynhausen.de\/wp\/wp-json\/wp\/v2\/comments?post=205"}],"version-history":[{"count":1,"href":"https:\/\/www.gruene-badoeynhausen.de\/wp\/wp-json\/wp\/v2\/posts\/205\/revisions"}],"predecessor-version":[{"id":206,"href":"https:\/\/www.gruene-badoeynhausen.de\/wp\/wp-json\/wp\/v2\/posts\/205\/revisions\/206"}],"wp:attachment":[{"href":"https:\/\/www.gruene-badoeynhausen.de\/wp\/wp-json\/wp\/v2\/media?parent=205"}],"wp:term":[{"taxonomy":"category","embeddable":true,"href":"https:\/\/www.gruene-badoeynhausen.de\/wp\/wp-json\/wp\/v2\/categories?post=205"},{"taxonomy":"post_tag","embeddable":true,"href":"https:\/\/www.gruene-badoeynhausen.de\/wp\/wp-json\/wp\/v2\/tags?post=205"}],"curies":[{"name":"wp","href":"https:\/\/api.w.org\/{rel}","templated":true}]}}