{"id":244914,"date":"2018-04-29T20:01:17","date_gmt":"2018-04-29T18:01:17","guid":{"rendered":"http:\/\/www.gruene-badoeynhausen.de\/wp\/?p=244914"},"modified":"2018-04-29T20:01:17","modified_gmt":"2018-04-29T18:01:17","slug":"antrag-weniger-wahlplakate","status":"publish","type":"post","link":"https:\/\/www.gruene-badoeynhausen.de\/wp\/2018\/04\/antrag-weniger-wahlplakate\/","title":{"rendered":"Antrag: Weniger Wahlplakate!"},"content":{"rendered":"<p>Die Fraktion der GR\u00dcNEN bringt folgenden Antrag ein:<\/p>\n<p><cite>Die Verwaltung pr\u00fcft die Anlage einer \u201eWahlwerbungsfl\u00e4che\u201c auf st\u00e4dtischem Grund f\u00fcr Gro\u00dfplakate und legt eine Reduzierung der Anzahl der je Partei und Wahl erlaubten Wahlplakate im Stadtgebiet von Bad Oeynhausen auf 50 Plakate fest.<\/cite> <!--more--><\/p>\n<p><strong>Begr\u00fcndung<\/strong><\/p>\n<p>Zu jeder stattfindenden Wahl wird das Stra\u00dfenbild durch viele dutzend, ja hunderte von Wahlplakaten ver\u00e4ndert. Bei den B\u00fcrgern der Stadt st\u00f6\u00dft dies immer mehr auf Unverst\u00e4ndnis und teilweise Unmut. Ebenso regelm\u00e4\u00dfig wird auch in der Politik dar\u00fcber diskutiert, die Plakatierung deutlich einzuschr\u00e4nken. Noch dazu der Nutzen durchaus strittig ist. In Einzelgespr\u00e4chen ist dazu auch immer jeder bereit. Leider wurde dazu noch nie ein Antrag gestellt und mit jeder Wahl geht die Diskussion von vorne los.<\/p>\n<p>Bei einer immer gr\u00f6\u00dferen Segmentierung der Parteienlandschaft ohne eine Mengenbeschr\u00e4nkung wird die Plakatierung nur noch zunehmen und das Erscheinungsbild nicht verbessert.<\/p>\n","protected":false},"excerpt":{"rendered":"<p>Die Fraktion der GR\u00dcNEN bringt folgenden Antrag ein: Die Verwaltung pr\u00fcft die Anlage einer \u201eWahlwerbungsfl\u00e4che\u201c auf st\u00e4dtischem Grund f\u00fcr Gro\u00dfplakate und legt eine Reduzierung der Anzahl der je Partei und [&hellip;]<\/p>\n","protected":false},"author":1,"featured_media":0,"comment_status":"open","ping_status":"open","sticky":false,"template":"","format":"standard","meta":{"activitypub_content_warning":"","activitypub_content_visibility":"","activitypub_max_image_attachments":3,"activitypub_interaction_policy_quote":"anyone","activitypub_status":"","footnotes":""},"categories":[10,5],"tags":[60,17,92,81,97],"class_list":["post-244914","post","type-post","status-publish","format-standard","hentry","category-antraege","category-fraktion","tag-bad-oeynhausen","tag-kommunikation","tag-umweltschutz","tag-wahlen","tag-wahlkampf"],"share_on_mastodon":{"url":"","error":""},"_links":{"self":[{"href":"https:\/\/www.gruene-badoeynhausen.de\/wp\/wp-json\/wp\/v2\/posts\/244914","targetHints":{"allow":["GET"]}}],"collection":[{"href":"https:\/\/www.gruene-badoeynhausen.de\/wp\/wp-json\/wp\/v2\/posts"}],"about":[{"href":"https:\/\/www.gruene-badoeynhausen.de\/wp\/wp-json\/wp\/v2\/types\/post"}],"author":[{"embeddable":true,"href":"https:\/\/www.gruene-badoeynhausen.de\/wp\/wp-json\/wp\/v2\/users\/1"}],"replies":[{"embeddable":true,"href":"https:\/\/www.gruene-badoeynhausen.de\/wp\/wp-json\/wp\/v2\/comments?post=244914"}],"version-history":[{"count":1,"href":"https:\/\/www.gruene-badoeynhausen.de\/wp\/wp-json\/wp\/v2\/posts\/244914\/revisions"}],"predecessor-version":[{"id":244915,"href":"https:\/\/www.gruene-badoeynhausen.de\/wp\/wp-json\/wp\/v2\/posts\/244914\/revisions\/244915"}],"wp:attachment":[{"href":"https:\/\/www.gruene-badoeynhausen.de\/wp\/wp-json\/wp\/v2\/media?parent=244914"}],"wp:term":[{"taxonomy":"category","embeddable":true,"href":"https:\/\/www.gruene-badoeynhausen.de\/wp\/wp-json\/wp\/v2\/categories?post=244914"},{"taxonomy":"post_tag","embeddable":true,"href":"https:\/\/www.gruene-badoeynhausen.de\/wp\/wp-json\/wp\/v2\/tags?post=244914"}],"curies":[{"name":"wp","href":"https:\/\/api.w.org\/{rel}","templated":true}]}}