{"id":245005,"date":"2018-10-05T23:10:11","date_gmt":"2018-10-05T21:10:11","guid":{"rendered":"http:\/\/www.gruene-badoeynhausen.de\/wp\/?p=245005"},"modified":"2018-10-16T11:03:28","modified_gmt":"2018-10-16T09:03:28","slug":"arten-und-gewaesserschutz-renaturierungs-und-ausgleichsmassnahmen-in-der-region","status":"publish","type":"post","link":"https:\/\/www.gruene-badoeynhausen.de\/wp\/2018\/10\/arten-und-gewaesserschutz-renaturierungs-und-ausgleichsmassnahmen-in-der-region\/","title":{"rendered":"Arten- und Gew\u00e4sserschutz, Renaturierungs- und Ausgleichsma\u00dfnahmen in der Region"},"content":{"rendered":"<p>&nbsp;<br \/>\n<br \/>\n<a href=\"http:\/\/www.gruene-badoeynhausen.de\/wp\/wp-content\/uploads\/2018\/10\/werre_unterhalb_sielwehr.jpg\"><img loading=\"lazy\" decoding=\"async\" src=\"http:\/\/www.gruene-badoeynhausen.de\/wp\/wp-content\/uploads\/2018\/10\/werre_unterhalb_sielwehr-400x193.jpg\" alt=\"\" width=\"400\" height=\"193\" class=\"alignright size-medium wp-image-245007\" srcset=\"https:\/\/www.gruene-badoeynhausen.de\/wp\/wp-content\/uploads\/2018\/10\/werre_unterhalb_sielwehr-400x193.jpg 400w, https:\/\/www.gruene-badoeynhausen.de\/wp\/wp-content\/uploads\/2018\/10\/werre_unterhalb_sielwehr-768x371.jpg 768w, https:\/\/www.gruene-badoeynhausen.de\/wp\/wp-content\/uploads\/2018\/10\/werre_unterhalb_sielwehr-800x386.jpg 800w, https:\/\/www.gruene-badoeynhausen.de\/wp\/wp-content\/uploads\/2018\/10\/werre_unterhalb_sielwehr-150x72.jpg 150w, https:\/\/www.gruene-badoeynhausen.de\/wp\/wp-content\/uploads\/2018\/10\/werre_unterhalb_sielwehr-250x121.jpg 250w\" sizes=\"auto, (max-width: 400px) 100vw, 400px\" \/><\/a> Mittwoch, 31. Oktober 2018<br \/>\n18:00 Uhr \u2013 <strong>Eintritt frei<\/strong><\/p>\n<p><a href=\"https:\/\/www.dbbo.de\/\">Druckerei Begegnungszentrum e.V.<\/a><br \/>\nKaiserstra\u00dfe 14, 32545 Bad Oeynhausen<\/p>\n<h5>Offener Informationsabend mit drei Referenten zu den Themen:<\/h5>\n<p><\/p>\n<ul>\n<li>Jutta Niemann (Dipl.-Biol.)<br \/>\nGesch\u00e4ftsf\u00fchrerin und wissenschaftliche Leiterin Biologische Station Minden-L\u00fcbbecke e.V.<br \/>\n<strong>Naturschutzaufgaben, Natura 2000 etc.<\/strong><\/li>\n<li>Martina Vortherms<br \/>\nLeiterin Untere Naturschutzbeh\u00f6rde, Umweltamt Kreis Minden-L\u00fcbbecke<br \/>\n<strong>Eingriffsregelung, Ausgleich und Ersatz<\/strong><\/li>\n<li>Eckhard Nolting<br \/>\nGew\u00e4sserexperte, Sachbearbeiter bei der Stadt Bad Oeynhausen<br \/>\n<strong>Umsetzung Wasserrahmenrichtlinie, praktische Anwendung, Projekte<\/strong><\/li>\n<\/ul>\n<p>\nEine Veranstaltung von<br \/>\nB\u00dcNDNIS 90\/DIE GR\u00dcNEN Bad Oeynhausen<br \/>\nin Kooperation mit dem <a href=\"https:\/\/www.dbbo.de\/\">Druckerei Begegnungszentrum e.V.<\/a><\/p>\n","protected":false},"excerpt":{"rendered":"<p>&nbsp; Mittwoch, 31. Oktober 2018 18:00 Uhr \u2013 Eintritt frei Druckerei Begegnungszentrum e.V. Kaiserstra\u00dfe 14, 32545 Bad Oeynhausen Offener Informationsabend mit drei Referenten zu den Themen: Jutta Niemann (Dipl.-Biol.) Gesch\u00e4ftsf\u00fchrerin [&hellip;]<\/p>\n","protected":false},"author":5,"featured_media":0,"comment_status":"open","ping_status":"open","sticky":false,"template":"","format":"standard","meta":{"activitypub_content_warning":"","activitypub_content_visibility":"","activitypub_max_image_attachments":3,"activitypub_interaction_policy_quote":"anyone","activitypub_status":"","footnotes":""},"categories":[4,6],"tags":[60,22,90,20,25,66,92,24],"class_list":["post-245005","post","type-post","status-publish","format-standard","hentry","category-ortsverband","category-pressemitteilung","tag-bad-oeynhausen","tag-hochwasserschutz","tag-klimapolitik","tag-renaturierung","tag-sielwehr","tag-umwelt","tag-umweltschutz","tag-werre"],"share_on_mastodon":{"url":"","error":""},"_links":{"self":[{"href":"https:\/\/www.gruene-badoeynhausen.de\/wp\/wp-json\/wp\/v2\/posts\/245005","targetHints":{"allow":["GET"]}}],"collection":[{"href":"https:\/\/www.gruene-badoeynhausen.de\/wp\/wp-json\/wp\/v2\/posts"}],"about":[{"href":"https:\/\/www.gruene-badoeynhausen.de\/wp\/wp-json\/wp\/v2\/types\/post"}],"author":[{"embeddable":true,"href":"https:\/\/www.gruene-badoeynhausen.de\/wp\/wp-json\/wp\/v2\/users\/5"}],"replies":[{"embeddable":true,"href":"https:\/\/www.gruene-badoeynhausen.de\/wp\/wp-json\/wp\/v2\/comments?post=245005"}],"version-history":[{"count":8,"href":"https:\/\/www.gruene-badoeynhausen.de\/wp\/wp-json\/wp\/v2\/posts\/245005\/revisions"}],"predecessor-version":[{"id":245015,"href":"https:\/\/www.gruene-badoeynhausen.de\/wp\/wp-json\/wp\/v2\/posts\/245005\/revisions\/245015"}],"wp:attachment":[{"href":"https:\/\/www.gruene-badoeynhausen.de\/wp\/wp-json\/wp\/v2\/media?parent=245005"}],"wp:term":[{"taxonomy":"category","embeddable":true,"href":"https:\/\/www.gruene-badoeynhausen.de\/wp\/wp-json\/wp\/v2\/categories?post=245005"},{"taxonomy":"post_tag","embeddable":true,"href":"https:\/\/www.gruene-badoeynhausen.de\/wp\/wp-json\/wp\/v2\/tags?post=245005"}],"curies":[{"name":"wp","href":"https:\/\/api.w.org\/{rel}","templated":true}]}}