{"id":245446,"date":"2020-07-18T13:52:04","date_gmt":"2020-07-18T11:52:04","guid":{"rendered":"https:\/\/www.gruene-badoeynhausen.de\/wp\/?p=245446"},"modified":"2020-07-19T18:38:26","modified_gmt":"2020-07-19T16:38:26","slug":"gruene-fordern-ein-konzept-zur-senkung-des-nichtschwimmeranteils","status":"publish","type":"post","link":"https:\/\/www.gruene-badoeynhausen.de\/wp\/2020\/07\/gruene-fordern-ein-konzept-zur-senkung-des-nichtschwimmeranteils\/","title":{"rendered":"Gr\u00fcne fordern ein Konzept\u00a0 zur Senkung des Nichtschwimmeranteils"},"content":{"rendered":"<p><img decoding=\"async\" style=\"margin-left: 10px;\" src=\"http:\/\/www.gruene-badoeynhausen.de\/bilder\/portraits\/v_brand.jpg\" alt=\"\" align=\"right\" border=\"0\" \/> In letzter Zeit hat es aus der B\u00fcrgerschaft verst\u00e4rkt Initiativen gegeben, die Lehrschwimmbecken in Oberbecksen und Werste zu erhalten. Auch wenn am Siel das neue Hallenbad und Freibad fertiggestellt sein sollte &#8211; was noch lange genug dauern wird \u2013 fordern viele B\u00fcrger*innen, dann keineswegs auf die Lehrschwimmbecken zu verzichten. Die Stadt hat inzwischen eine diesbez\u00fcgliche Petition mit zahlreichen Unterschriften entgegengenommen und will den Sachverhalt pr\u00fcfen. <!--more--><\/p>\n<p>Nach Ansicht der Gr\u00fcnen in Bad Oeynhausen m\u00fcssen dar\u00fcber hinaus noch weitergehende Schritte unternommen werden, wenn in Bad Oeynhausen der Anteil der Nichtschwimmer*innen gesenkt werden soll. Zun\u00e4chst einmal muss in den Grundschulen und in den weiterf\u00fchrenden Schulen der Anteil der Nichtschwimmer*innen systematisch erfasst werden. Fraktionsvorsitzender und B\u00fcrgermeisterkandidat Volker Brand dazu: \u201eWir brauchen diese Zahlen und wir m\u00fcssen wissen, wie sie sich in den letzten Jahren und Jahrzehnten ver\u00e4ndert haben. In der Praxis ist der Sportunterricht oft nicht in der Lage allen Schulkindern das Schwimmen beizubringen. Die Sportlehrer*innen setzen da auch auf die Verantwortung der Eltern, die Eltern wiederum sehen da die Schulen in der Pflicht. Bei vielen Kindern fruchten nach wie vor spezielle Schwimmkurse, die von den Stadtwerken angeboten werden. \u00a0Aber alle Kinder werden da leider auch nicht erfasst.\u201c<\/p>\n<p>Von daher fordern die Gr\u00fcnen ein systematisches Konzept in der Stadt.<\/p>\n<p>\u201eDer Sportunterricht in Grundschulen und weiterf\u00fchrenden Schulen muss gew\u00e4hrleisten, dass unter Mithilfe des hiesigen Schwimmvereins SVO, der Stadtwerke und der DLRG jedes Kind in Bad Oeynhausen bis zum 6. Schuljahr das Schwimmen erlernt.\u201c<\/p>\n","protected":false},"excerpt":{"rendered":"<p>In letzter Zeit hat es aus der B\u00fcrgerschaft verst\u00e4rkt Initiativen gegeben, die Lehrschwimmbecken in Oberbecksen und Werste zu erhalten. Auch wenn am Siel das neue Hallenbad und Freibad fertiggestellt sein [&hellip;]<\/p>\n","protected":false},"author":2,"featured_media":0,"comment_status":"open","ping_status":"open","sticky":false,"template":"","format":"standard","meta":{"activitypub_content_warning":"","activitypub_content_visibility":"","activitypub_max_image_attachments":3,"activitypub_interaction_policy_quote":"anyone","activitypub_status":"","footnotes":""},"categories":[4,6],"tags":[82,219,46,154],"class_list":["post-245446","post","type-post","status-publish","format-standard","hentry","category-ortsverband","category-pressemitteilung","tag-buergermeister","tag-buergermeisterwahl","tag-schule","tag-schwimmen"],"share_on_mastodon":{"url":"","error":""},"_links":{"self":[{"href":"https:\/\/www.gruene-badoeynhausen.de\/wp\/wp-json\/wp\/v2\/posts\/245446","targetHints":{"allow":["GET"]}}],"collection":[{"href":"https:\/\/www.gruene-badoeynhausen.de\/wp\/wp-json\/wp\/v2\/posts"}],"about":[{"href":"https:\/\/www.gruene-badoeynhausen.de\/wp\/wp-json\/wp\/v2\/types\/post"}],"author":[{"embeddable":true,"href":"https:\/\/www.gruene-badoeynhausen.de\/wp\/wp-json\/wp\/v2\/users\/2"}],"replies":[{"embeddable":true,"href":"https:\/\/www.gruene-badoeynhausen.de\/wp\/wp-json\/wp\/v2\/comments?post=245446"}],"version-history":[{"count":2,"href":"https:\/\/www.gruene-badoeynhausen.de\/wp\/wp-json\/wp\/v2\/posts\/245446\/revisions"}],"predecessor-version":[{"id":245449,"href":"https:\/\/www.gruene-badoeynhausen.de\/wp\/wp-json\/wp\/v2\/posts\/245446\/revisions\/245449"}],"wp:attachment":[{"href":"https:\/\/www.gruene-badoeynhausen.de\/wp\/wp-json\/wp\/v2\/media?parent=245446"}],"wp:term":[{"taxonomy":"category","embeddable":true,"href":"https:\/\/www.gruene-badoeynhausen.de\/wp\/wp-json\/wp\/v2\/categories?post=245446"},{"taxonomy":"post_tag","embeddable":true,"href":"https:\/\/www.gruene-badoeynhausen.de\/wp\/wp-json\/wp\/v2\/tags?post=245446"}],"curies":[{"name":"wp","href":"https:\/\/api.w.org\/{rel}","templated":true}]}}