{"id":245505,"date":"2020-08-02T09:55:34","date_gmt":"2020-08-02T07:55:34","guid":{"rendered":"https:\/\/www.gruene-badoeynhausen.de\/wp\/?p=245505"},"modified":"2020-08-21T10:55:35","modified_gmt":"2020-08-21T08:55:35","slug":"kein-salz-in-unsere-weser","status":"publish","type":"post","link":"https:\/\/www.gruene-badoeynhausen.de\/wp\/2020\/08\/kein-salz-in-unsere-weser\/","title":{"rendered":"Kein Salz in unsere Weser!"},"content":{"rendered":"<p>Die K + S AG als gr\u00f6\u00dfter Salzproduzent der Welt ist daf\u00fcr verantwortlich, dass seit Jahrzehnten Unmengen von Salz in Werra und Weser eingeleitet werden.<\/p>\n<p>Die Gr\u00fcnen in der Region und auch in Bad Oeynhausen haben <a href=\"https:\/\/www.gruene-badoeynhausen.de\/wp\/2010\/09\/salz-in-die-suppe\/\" rel=\"noopener noreferrer\" target=\"_blank\">immer schon<\/a> <a href=\"https:\/\/www.gruene-badoeynhausen.de\/wp\/2014\/03\/kritik-am-duengemittelunternehmen-kalisalz\/\" rel=\"noopener noreferrer\" target=\"_blank\">politisch gegen<\/a> <a href=\"https:\/\/www.gruene-badoeynhausen.de\/wp\/2010\/09\/gruene-kaempfen-gegen-wesersalz\/\" rel=\"noopener noreferrer\" target=\"_blank\">diesen Missstand<\/a> <a href=\"https:\/\/www.gruene-badoeynhausen.de\/wp\/2020\/07\/salzeinleitungen-gehoeren-nicht-in-die-weser\/\" rel=\"noopener noreferrer\" target=\"_blank\">gek\u00e4mpft<\/a>. So ist auch die von K + S beantragte Verl\u00e4ngerung der Einleitungsgenehmigung f\u00fcr uns Gr\u00fcne nicht hinnehmbar und st\u00f6\u00dft auf unseren entschiedenen Widerstand.<\/p>\n<p>In diesem Sinne w\u00fcnschen die Gr\u00fcnen Bad Oeynhausen der Veranstaltung am 7. August an der Weser viel Erfolg.<\/p>\n<ul>\n<li><a href=\"https:\/\/www.gruene-badoeynhausen.de\/wp\/tag\/versalzung\/\">Weitere Beitr\u00e4ge zur Weserversalzung auf unserer Seite.<\/a><\/li>\n<\/ul>\n<p>&nbsp;<\/p>\n<div style=\"text-align:center;\"><iframe loading=\"lazy\" src=\"https:\/\/www.youtube-nocookie.com\/embed\/hF4R1zDROA0\" width=\"560\" height=\"315\" frameborder=\"0\" allowfullscreen=\"allowfullscreen\"><\/iframe><\/div>\n<p>&nbsp;<\/p>\n","protected":false},"excerpt":{"rendered":"<p>Die K + S AG als gr\u00f6\u00dfter Salzproduzent der Welt ist daf\u00fcr verantwortlich, dass seit Jahrzehnten Unmengen von Salz in Werra und Weser eingeleitet werden. Die Gr\u00fcnen in der Region [&hellip;]<\/p>\n","protected":false},"author":4,"featured_media":245615,"comment_status":"open","ping_status":"open","sticky":false,"template":"","format":"standard","meta":{"activitypub_content_warning":"","activitypub_content_visibility":"","activitypub_max_image_attachments":3,"activitypub_interaction_policy_quote":"anyone","activitypub_status":"","footnotes":""},"categories":[7,4],"tags":[60,90,41,92,50,49],"class_list":["post-245505","post","type-post","status-publish","format-standard","has-post-thumbnail","hentry","category-meinung","category-ortsverband","tag-bad-oeynhausen","tag-klimapolitik","tag-nachhaltig","tag-umweltschutz","tag-versalzung","tag-weser"],"share_on_mastodon":{"url":"","error":""},"_links":{"self":[{"href":"https:\/\/www.gruene-badoeynhausen.de\/wp\/wp-json\/wp\/v2\/posts\/245505","targetHints":{"allow":["GET"]}}],"collection":[{"href":"https:\/\/www.gruene-badoeynhausen.de\/wp\/wp-json\/wp\/v2\/posts"}],"about":[{"href":"https:\/\/www.gruene-badoeynhausen.de\/wp\/wp-json\/wp\/v2\/types\/post"}],"author":[{"embeddable":true,"href":"https:\/\/www.gruene-badoeynhausen.de\/wp\/wp-json\/wp\/v2\/users\/4"}],"replies":[{"embeddable":true,"href":"https:\/\/www.gruene-badoeynhausen.de\/wp\/wp-json\/wp\/v2\/comments?post=245505"}],"version-history":[{"count":5,"href":"https:\/\/www.gruene-badoeynhausen.de\/wp\/wp-json\/wp\/v2\/posts\/245505\/revisions"}],"predecessor-version":[{"id":245534,"href":"https:\/\/www.gruene-badoeynhausen.de\/wp\/wp-json\/wp\/v2\/posts\/245505\/revisions\/245534"}],"wp:featuredmedia":[{"embeddable":true,"href":"https:\/\/www.gruene-badoeynhausen.de\/wp\/wp-json\/wp\/v2\/media\/245615"}],"wp:attachment":[{"href":"https:\/\/www.gruene-badoeynhausen.de\/wp\/wp-json\/wp\/v2\/media?parent=245505"}],"wp:term":[{"taxonomy":"category","embeddable":true,"href":"https:\/\/www.gruene-badoeynhausen.de\/wp\/wp-json\/wp\/v2\/categories?post=245505"},{"taxonomy":"post_tag","embeddable":true,"href":"https:\/\/www.gruene-badoeynhausen.de\/wp\/wp-json\/wp\/v2\/tags?post=245505"}],"curies":[{"name":"wp","href":"https:\/\/api.w.org\/{rel}","templated":true}]}}