{"id":245607,"date":"2020-08-21T07:51:21","date_gmt":"2020-08-21T05:51:21","guid":{"rendered":"https:\/\/www.gruene-badoeynhausen.de\/wp\/?p=245607"},"modified":"2020-08-21T10:42:04","modified_gmt":"2020-08-21T08:42:04","slug":"zukunft-beginnt-hier-erstwaehlerinnenbrief-der-gruenen-jugend","status":"publish","type":"post","link":"https:\/\/www.gruene-badoeynhausen.de\/wp\/2020\/08\/zukunft-beginnt-hier-erstwaehlerinnenbrief-der-gruenen-jugend\/","title":{"rendered":"Zukunft beginnt hier &#8211; Erstw\u00e4hler*innenbrief der Gr\u00fcnen Jugend"},"content":{"rendered":"<p>&nbsp;<br \/>\nLiebe*r Erstw\u00e4hler*in!<\/p>\n<p>Es ist soweit: Am 13.September sind in NRW Kommunalwahlen und du hast die Chance mitzuentscheiden, wie sich Bad Oeynhausen ver\u00e4ndern soll. Du hast die M\u00f6glichkeit zu entscheiden, wer in den Stadtrat und wer in den Kreistag kommt, auch, wer unser neuer B\u00fcrgermeister wird und wer k\u00fcnftig unser Landrat ist.<\/p>\n<p><figure id=\"attachment_244988\" aria-describedby=\"caption-attachment-244988\" style=\"width: 250px\" class=\"wp-caption alignright\"><a href=\"https:\/\/www.gruene-badoeynhausen.de\/wp\/wp-content\/uploads\/2018\/10\/20181008_mika_meyer_luca_marie_weigelt.jpg\"><img loading=\"lazy\" decoding=\"async\" src=\"https:\/\/www.gruene-badoeynhausen.de\/wp\/wp-content\/uploads\/2018\/10\/20181008_mika_meyer_luca_marie_weigelt-250x153.jpg\" alt=\"\" width=\"250\" height=\"153\" class=\"size-Bild-rechts wp-image-244988\" srcset=\"https:\/\/www.gruene-badoeynhausen.de\/wp\/wp-content\/uploads\/2018\/10\/20181008_mika_meyer_luca_marie_weigelt-250x153.jpg 250w, https:\/\/www.gruene-badoeynhausen.de\/wp\/wp-content\/uploads\/2018\/10\/20181008_mika_meyer_luca_marie_weigelt-400x244.jpg 400w, https:\/\/www.gruene-badoeynhausen.de\/wp\/wp-content\/uploads\/2018\/10\/20181008_mika_meyer_luca_marie_weigelt-768x469.jpg 768w, https:\/\/www.gruene-badoeynhausen.de\/wp\/wp-content\/uploads\/2018\/10\/20181008_mika_meyer_luca_marie_weigelt-800x489.jpg 800w, https:\/\/www.gruene-badoeynhausen.de\/wp\/wp-content\/uploads\/2018\/10\/20181008_mika_meyer_luca_marie_weigelt-150x92.jpg 150w, https:\/\/www.gruene-badoeynhausen.de\/wp\/wp-content\/uploads\/2018\/10\/20181008_mika_meyer_luca_marie_weigelt.jpg 1968w\" sizes=\"auto, (max-width: 250px) 100vw, 250px\" \/><\/a><figcaption id=\"caption-attachment-244988\" class=\"wp-caption-text\">Mika Meyer und Luca Marie Weigelt<\/figcaption><\/figure> Als Erstes haben wir eine Bitte an Dich: <em>Nutze Deine Chance!<\/em><\/p>\n<p>Mit deiner Teilnahme an der Wahl kannst du deine politische Meinung einbringen. Informiere dich gerne auch \u00fcber die Parteien.<\/p>\n<p>Bei Fragen oder W\u00fcnschen kannst du dich jederzeit an uns wenden.<br \/>\nVermutlich fragst du dich: \u201eWas hat das mit meiner Zukunft zu tun?\u201c und \u201eWarum gr\u00fcn?\u201c. Mit deiner Stimme w\u00e4hlst Du nicht nur blo\u00df Parteien, sondern vor allem Visionen f\u00fcr deine Stadt Bad Oeynhausen. &#8211; Und hier setzen wir an. Darum Gr\u00fcn!<\/p>\n<h3>Zukunft beginnt hier<\/h3>\n<ul>\n<li>Du hast keine Lust mehr stundenlang auf den Bus zu warten und suchst nach Alternativen zum Auto?<br \/>\n<em>Wir setzen uns ein! <\/em><br \/>\nF\u00fcr einen besseren \u00d6PNV, der auch gut bezahlbar ist f\u00fcr Sch\u00fcler*innen, Auszubildende sowie Studenten*innen, und den man problemlos nutzen kann. Vorfahrt f\u00fcr neue Ideen!<\/li>\n<\/ul>\n<ul>\n<li>Du willst, dass unsere Schulen endlich mal im 21. Jahrhundert ankommen?\n<p><em>Wir wollen das Update!<\/em><br \/>\nDigitale Bildung in Bad Oeynhausen!<\/li>\n<\/ul>\n<ul>\n<li>Du hast keinen Bock darauf, dass Nazis Platz in unserer Stadt haben?\n<p><em>Wir stellen uns klar gegen jeden Hass und jede Hetze, wann immer es n\u00f6tig ist!<\/em><br \/>\nDie Rechten m\u00fcssen sp\u00fcren, dass f\u00fcr sie kein Platz in unserer bunten Gesellschaft ist!<\/li>\n<\/ul>\n<ul>\n<li>Du findest es komisch, dass im Stadtrat oft nur \u201ealte wei\u00dfe M\u00e4nner\u201c sitzen?\n<p><em>Wir stehen ein f\u00fcr Gleichberechtigung!<\/em><br \/>\nFrauenquote auch hier in Bad Oeynhausen im Stadtrat!<\/li>\n<\/ul>\n<h3>Gr\u00fcn und jung f\u00fcr deine Stadt <\/h3>\n<p>F\u00fcr uns ist es wichtig, dass deine Stimme geh\u00f6rt wird und genauso z\u00e4hlt, wie die der \u00c4lteren. Die Stimme deiner Generation, der es nicht egal ist, was mit dem Planeten und unserer Zukunft passiert.<\/p>\n<p>Wir warten nicht auf morgen, wir verlassen uns nicht auf Andere. &#8211; Wir nehmen unsere Zukunft selbst in die Hand!<br \/>\nDeshalb kandidieren wir, Luca Marie Weigelt, Jakob Thies und Mika Meyer f\u00fcr B\u00dcNDNIS 90\/DIE GR\u00dcNEN, um unsere\/deine Generation in Bad Oeynhausen zu repr\u00e4sentieren.<br \/>\nDu willst uns kennenlernen? Dann schau gerne auf unsere <a href=\"https:\/\/www.facebook.com\/GrueneJugendML\" rel=\"noopener noreferrer\" target=\"_blank\">Facebook<\/a>&#8211; und <a href=\"https:\/\/www.instagram.com\/gruenejugendml\" rel=\"noopener noreferrer\" target=\"_blank\">Instagram-Seite<\/a> (Gr\u00fcne Jugend ML). Hier posten wir auch immer alle aktuellen Termine unserer Treffen, zu denen Du nat\u00fcrlich herzlich eingeladen bist!<\/p>\n<p>Liebe Gr\u00fc\u00dfe und eine gute Wahl!<\/p>\n<p>Mika Meyer und Luca Marie Weigelt<br \/>\n(Sprecher*in des Kreisverbandes der Gr\u00fcnen Jugend) <\/p>\n","protected":false},"excerpt":{"rendered":"<p>&nbsp; Liebe*r Erstw\u00e4hler*in! Es ist soweit: Am 13.September sind in NRW Kommunalwahlen und du hast die Chance mitzuentscheiden, wie sich Bad Oeynhausen ver\u00e4ndern soll. Du hast die M\u00f6glichkeit zu entscheiden, [&hellip;]<\/p>\n","protected":false},"author":4,"featured_media":245614,"comment_status":"open","ping_status":"open","sticky":false,"template":"","format":"standard","meta":{"activitypub_content_warning":"","activitypub_content_visibility":"","activitypub_max_image_attachments":3,"activitypub_interaction_policy_quote":"anyone","activitypub_status":"","footnotes":""},"categories":[4,6],"tags":[219,226,83],"class_list":["post-245607","post","type-post","status-publish","format-standard","has-post-thumbnail","hentry","category-ortsverband","category-pressemitteilung","tag-buergermeisterwahl","tag-gruene-jugend","tag-kommunalwahl"],"share_on_mastodon":{"url":"","error":""},"_links":{"self":[{"href":"https:\/\/www.gruene-badoeynhausen.de\/wp\/wp-json\/wp\/v2\/posts\/245607","targetHints":{"allow":["GET"]}}],"collection":[{"href":"https:\/\/www.gruene-badoeynhausen.de\/wp\/wp-json\/wp\/v2\/posts"}],"about":[{"href":"https:\/\/www.gruene-badoeynhausen.de\/wp\/wp-json\/wp\/v2\/types\/post"}],"author":[{"embeddable":true,"href":"https:\/\/www.gruene-badoeynhausen.de\/wp\/wp-json\/wp\/v2\/users\/4"}],"replies":[{"embeddable":true,"href":"https:\/\/www.gruene-badoeynhausen.de\/wp\/wp-json\/wp\/v2\/comments?post=245607"}],"version-history":[{"count":5,"href":"https:\/\/www.gruene-badoeynhausen.de\/wp\/wp-json\/wp\/v2\/posts\/245607\/revisions"}],"predecessor-version":[{"id":245612,"href":"https:\/\/www.gruene-badoeynhausen.de\/wp\/wp-json\/wp\/v2\/posts\/245607\/revisions\/245612"}],"wp:featuredmedia":[{"embeddable":true,"href":"https:\/\/www.gruene-badoeynhausen.de\/wp\/wp-json\/wp\/v2\/media\/245614"}],"wp:attachment":[{"href":"https:\/\/www.gruene-badoeynhausen.de\/wp\/wp-json\/wp\/v2\/media?parent=245607"}],"wp:term":[{"taxonomy":"category","embeddable":true,"href":"https:\/\/www.gruene-badoeynhausen.de\/wp\/wp-json\/wp\/v2\/categories?post=245607"},{"taxonomy":"post_tag","embeddable":true,"href":"https:\/\/www.gruene-badoeynhausen.de\/wp\/wp-json\/wp\/v2\/tags?post=245607"}],"curies":[{"name":"wp","href":"https:\/\/api.w.org\/{rel}","templated":true}]}}