{"id":246467,"date":"2023-06-10T13:20:05","date_gmt":"2023-06-10T11:20:05","guid":{"rendered":"https:\/\/www.gruene-badoeynhausen.de\/wp\/?p=246467"},"modified":"2023-06-10T13:25:47","modified_gmt":"2023-06-10T11:25:47","slug":"internationaler-tag-der-jugend","status":"publish","type":"post","link":"https:\/\/www.gruene-badoeynhausen.de\/wp\/2023\/06\/internationaler-tag-der-jugend\/","title":{"rendered":"Internationaler Tag der Jugend"},"content":{"rendered":"<p><strong>Antrag der Fraktion B\u00fcndnis 90\/DIE GR\u00dcNEN<\/strong><\/p>\n<h4>Antrag:<\/h4>\n<p>Die Stadt Bad Oeynhausen l\u00e4dt j\u00e4hrlich am Internationalen Tag der Jugend, am 12. August eines jeden Jahres, alle Jugendlichen und jungen Erwachsenen im Alter von 18 bis 25 Jahren und alle Ratsmitglieder zu einem zwanglosen Meeting ein, z.B. einem Markt der M\u00f6glichkeiten, um den Gedanken der politischen und gesellschaftlichen Teilhabe und Partizipation umzusetzen.<\/p>\n<h4>Begr\u00fcndung:<\/h4>\n<p>Kindern und Jugendlichen sollte in jeder Stadt eine besondere Aufmerksamkeit zuteil werden. Mehr als jede andere Generation verk\u00f6rpern sie die Zukunft und dies gilt auch f\u00fcr Bad Oeynhausen. \u00dcber Partizipationschancen junger Menschen in unserer Gesellschaft gibt es ambivalente Einsch\u00e4tzungen. Immerhin tagt in der Stadt regelm\u00e4\u00dfig das sogenannte Kinderparlament, so dass Kinder bereits in jungen Jahren Demokratie und Politik erleben k\u00f6nnen. F\u00fcr junge Erwachsene \u2013 die Soziologie spricht von sogenannter Postadoleszenz gibt es vergleichbare Strukturen nicht.<\/p>\n<p>Die UN hat aber schon 1985 den Internationalen Tag der Jugend ausgerufen, um auf das Potenzial hinzuweisen und um junge Menschen zu motivieren, ihre Rechte wahrzunehmen und sich politisch und sozial st\u00e4rker zu engagieren. Auch die EU hat ein Strategie &#8211; Papier ver\u00f6ffentlicht, um den Anteil Jugendlicher in der Politik und sozialen Engagement zu erh\u00f6hen. Das Land Nordrhein- Westfalen betont die Bedeutung dieses Tages, seine Ziele und Chancen besonders im Zusammenhang mit Migration und Flucht.<\/p>\n<p>Ein Weg zu mehr Beteiligung auf lokaler Ebene k\u00f6nnte eine Feier am Internationalen Tag der Jugend in Bad Oeynhausen sein. Ein Angebot der Stadt in lockerer Atmosph\u00e4re kann dazu dienen, junge Menschen in Kontakt mit politisch Handelnden zu bringen, in dem z.B. Patenschaften \u00fcbernommen werden k\u00f6nnen. Die Stadt Duisburg lebt diese Idee schon vor und vermittelt solche Patenschaften f\u00fcr die Dauer von drei Monaten.<\/p>\n<p>Gleichzeitig k\u00f6nnen Bed\u00fcrfnisse, Sorgen, kulturelle W\u00fcnsche formuliert werden, die aufgegriffen und in politische Entscheidungen einflie\u00dfen k\u00f6nnten. Die Bindung zur Stadt k\u00f6nnte auf diese Weise gest\u00e4rkt werden. Die Stadt Bad Oeynhausen sollte sich so um diese Zielgruppe besonders bem\u00fchen und k\u00f6nnte mit einer solchen Veranstaltung ein Zeichen setzen, da viele Jugendliche die Ansicht vertreten, es w\u00fcrde nicht gen\u00fcgend f\u00fcr sie in Bad Oeynhausen getan.<\/p>\n","protected":false},"excerpt":{"rendered":"<p>Antrag der Fraktion B\u00fcndnis 90\/DIE GR\u00dcNEN Antrag: Die Stadt Bad Oeynhausen l\u00e4dt j\u00e4hrlich am Internationalen Tag der Jugend, am 12. August eines jeden Jahres, alle Jugendlichen und jungen Erwachsenen im [&hellip;]<\/p>\n","protected":false},"author":4,"featured_media":0,"comment_status":"open","ping_status":"open","sticky":false,"template":"","format":"standard","meta":{"activitypub_content_warning":"","activitypub_content_visibility":"","activitypub_max_image_attachments":3,"activitypub_interaction_policy_quote":"anyone","activitypub_status":"","footnotes":""},"categories":[10,5],"tags":[60,272],"class_list":["post-246467","post","type-post","status-publish","format-standard","hentry","category-antraege","category-fraktion","tag-bad-oeynhausen","tag-jugend"],"share_on_mastodon":{"url":"","error":""},"_links":{"self":[{"href":"https:\/\/www.gruene-badoeynhausen.de\/wp\/wp-json\/wp\/v2\/posts\/246467","targetHints":{"allow":["GET"]}}],"collection":[{"href":"https:\/\/www.gruene-badoeynhausen.de\/wp\/wp-json\/wp\/v2\/posts"}],"about":[{"href":"https:\/\/www.gruene-badoeynhausen.de\/wp\/wp-json\/wp\/v2\/types\/post"}],"author":[{"embeddable":true,"href":"https:\/\/www.gruene-badoeynhausen.de\/wp\/wp-json\/wp\/v2\/users\/4"}],"replies":[{"embeddable":true,"href":"https:\/\/www.gruene-badoeynhausen.de\/wp\/wp-json\/wp\/v2\/comments?post=246467"}],"version-history":[{"count":4,"href":"https:\/\/www.gruene-badoeynhausen.de\/wp\/wp-json\/wp\/v2\/posts\/246467\/revisions"}],"predecessor-version":[{"id":246471,"href":"https:\/\/www.gruene-badoeynhausen.de\/wp\/wp-json\/wp\/v2\/posts\/246467\/revisions\/246471"}],"wp:attachment":[{"href":"https:\/\/www.gruene-badoeynhausen.de\/wp\/wp-json\/wp\/v2\/media?parent=246467"}],"wp:term":[{"taxonomy":"category","embeddable":true,"href":"https:\/\/www.gruene-badoeynhausen.de\/wp\/wp-json\/wp\/v2\/categories?post=246467"},{"taxonomy":"post_tag","embeddable":true,"href":"https:\/\/www.gruene-badoeynhausen.de\/wp\/wp-json\/wp\/v2\/tags?post=246467"}],"curies":[{"name":"wp","href":"https:\/\/api.w.org\/{rel}","templated":true}]}}