{"id":246616,"date":"2024-01-14T15:36:15","date_gmt":"2024-01-14T14:36:15","guid":{"rendered":"https:\/\/www.gruene-badoeynhausen.de\/wp\/?p=246616"},"modified":"2024-01-14T17:02:34","modified_gmt":"2024-01-14T16:02:34","slug":"zu-einem-moeglichen-verbot-der-afd","status":"publish","type":"post","link":"https:\/\/www.gruene-badoeynhausen.de\/wp\/2024\/01\/zu-einem-moeglichen-verbot-der-afd\/","title":{"rendered":"Zu einem m\u00f6glichen Verbot der AfD"},"content":{"rendered":"<p>Immer offensichtlicher entfernt sich die AfD von den Fundamenten unserer freiheitlich demokratischen Grundordnung. J\u00fcngstes Beispiel ist das sonderbare Potsdamer Treffen, an dem neben anderen rechtsextremen Kr\u00e4ften auch Politiker der AfD teilnahmen. Massenhafte Deportationen von Migrant*innen, im AFD \u2013 Deutsch Remigration genannt, war hier u.a. das Thema.<\/p>\n<p><figure id=\"attachment_245472\" aria-describedby=\"caption-attachment-245472\" style=\"width: 400px\" class=\"wp-caption alignright\"><a href=\"https:\/\/www.gruene-badoeynhausen.de\/wp\/wp-content\/uploads\/2020\/07\/brand_volker_2020.png\"><img loading=\"lazy\" decoding=\"async\" src=\"https:\/\/www.gruene-badoeynhausen.de\/wp\/wp-content\/uploads\/2020\/07\/brand_volker_2020-400x400.png\" alt=\"\" width=\"400\" height=\"400\" class=\"size-medium wp-image-245472\" srcset=\"https:\/\/www.gruene-badoeynhausen.de\/wp\/wp-content\/uploads\/2020\/07\/brand_volker_2020-400x400.png 400w, https:\/\/www.gruene-badoeynhausen.de\/wp\/wp-content\/uploads\/2020\/07\/brand_volker_2020-800x800.png 800w, https:\/\/www.gruene-badoeynhausen.de\/wp\/wp-content\/uploads\/2020\/07\/brand_volker_2020-150x150.png 150w, https:\/\/www.gruene-badoeynhausen.de\/wp\/wp-content\/uploads\/2020\/07\/brand_volker_2020-768x768.png 768w, https:\/\/www.gruene-badoeynhausen.de\/wp\/wp-content\/uploads\/2020\/07\/brand_volker_2020-250x250.png 250w, https:\/\/www.gruene-badoeynhausen.de\/wp\/wp-content\/uploads\/2020\/07\/brand_volker_2020.png 960w\" sizes=\"auto, (max-width: 400px) 100vw, 400px\" \/><\/a><figcaption id=\"caption-attachment-245472\" class=\"wp-caption-text\">Dr. Volker Brand<\/figcaption><\/figure> Gerade, weil diese Partei in letzter Zeit enormen Zulauf gewonnen hat, ist zu bef\u00fcrchten, dass eine agitatorische und radikale Politik gegen ausl\u00e4ndische Mitb\u00fcrger*innen bei vielen W\u00e4hler*innen zu weiterem Zuspruch f\u00fchren k\u00f6nnte.<\/p>\n<p>Anscheinend wird die politische Debatte bei uns in Bund, Land, Kommune, ja sogar in Europa und weltweit verst\u00e4rkt von populistischen, faktenleugnenden Beitr\u00e4gen, die nicht selten Grundlage von Verschw\u00f6rungstheorien sind, gepr\u00e4gt.<\/p>\n<p>Dabei wird immer klarer, dass gro\u00dfe Teile der AfD eine andere Republik als diesen Staat wollen. Zum Treibstoff dieser Bewegung ger\u00e4t dabei der Tatbestand, dass eine gro\u00dfe Zahl an Unzufriedenen und Wutb\u00fcrger*innen mit dem Tenor gefischt werden: \u201eDie da oben k\u00f6nnen es nicht.\u201c Bei jedweden Protestereignissen, egal ob bei Demos von Landwirten und Lokf\u00fchrern, h\u00e4ngen sich rechte Kr\u00e4fte rein und finden dankbaren Widerhall, wenn es um die Frage geht, wie schlecht wir doch regiert werden.<\/p>\n<p>Der renommierte Gewaltforscher Andreas Zick ist zurecht in Sorge um unsere demokratische Gesellschaft. Der ehemalige Pr\u00e4sident des Bundesverfassungsgerichts Andreas Vo\u00dfkuhle h\u00e4lt es sogar f\u00fcr m\u00f6glich, dass unsere demokratische Staatsform historisch gesehen nur den Charakter eines \u00dcbergangsstadiums einnimmt.<\/p>\n<p>Nun, so weit sind wir (noch) nicht. Aber es geht schon um die Frage, wie sich die Mehrheit in diesem Land gegen solche antidemokratischen Umtriebe stellt. Haben wir nicht allen Grund, mit gro\u00dfer Zufriedenheit auf die 75 Jahre der Bunderepublik zu schauen? Haben wir nicht miserable Erfahrungen in der Weimarer Republik damit gemacht, uns weggeduckt und die heraufziehende braune Gefahr nicht ernstgenommen zu haben? Sollten wir nicht mit Stolz und Dankbarkeit auf die EU, mit ihren offenen Grenzen und auf ihre friedliche Entwicklung blicken? Lohnt es nicht, f\u00fcr die Verteidigung dieser demokratischen Errungenschaften sich richtig ins Zeug zu legen und sich hierf\u00fcr leidenschaftlich zu engagieren?<\/p>\n<p>Stattdessen \u00fcberlassen wir zu oft den Ewiggestrigen die politische Meinungshoheit. B\u00fcrgermeister B\u00f6kenkr\u00f6ger h\u00e4lt nicht viel von einem juristischen Gepl\u00e4nkel um ein Verbot der AfD und m\u00f6chte, dass sich mit dieser Partei eher politisch auseinandergesetzt wird. Aber warum finden sich nicht mehr Menschen, die sich mit viel Einsatz dieser Diskussion stellen. Das liegt auch daran, dass sich die demokratische Mitte teilweise aus ihrem Selbstverst\u00e4ndnis heraus selbst zerlegt. Statt den Schulterschluss aller demokratischen Kr\u00e4fte zu suchen, werden auch hier in Bad Oeynhausen politische Diskrepanzen zum Anlass genommen, mit \u00fcbertriebener Kritik genau diejenigen zu bedienen, die dabei sind, den Glauben an die Qualit\u00e4t demokratischer Abl\u00e4ufe zu verlieren. Es ist ein fataler Irrtum, wenn der ein oder andere meint, er k\u00f6nnte den politischen Gegner mit dem Nasenring durch den Stadtrat ziehen, um am Ende zum Nutznie\u00dfer dieser Strategie zu werden. \u00dcberzogene Kritik im demokratischen Alltag bereitet leider gegenw\u00e4rtig den N\u00e4hrboden f\u00fcr Menschen, die dabei sind, sich von demokratischen Prozessen abzuwenden.<\/p>\n<p>Von daher sollten sich die demokratischen Kr\u00e4fte auch in dieser Stadt ihrer Verantwortung bewusst sein und f\u00fcr die offene pluralistische Gesellschaft ein Zeichen\u00a0setzen. Die schweigende Mehrheit Bad Oeynhausens wird das dankbar aufnehmen.<\/p>\n","protected":false},"excerpt":{"rendered":"<p>Immer offensichtlicher entfernt sich die AfD von den Fundamenten unserer freiheitlich demokratischen Grundordnung. J\u00fcngstes Beispiel ist das sonderbare Potsdamer Treffen, an dem neben anderen rechtsextremen Kr\u00e4ften auch Politiker der AfD [&hellip;]<\/p>\n","protected":false},"author":2,"featured_media":0,"comment_status":"open","ping_status":"open","sticky":false,"template":"","format":"standard","meta":{"activitypub_content_warning":"","activitypub_content_visibility":"","activitypub_max_image_attachments":3,"activitypub_interaction_policy_quote":"anyone","activitypub_status":"","footnotes":""},"categories":[5,4,6],"tags":[60,82,17,209],"class_list":["post-246616","post","type-post","status-publish","format-standard","hentry","category-fraktion","category-ortsverband","category-pressemitteilung","tag-bad-oeynhausen","tag-buergermeister","tag-kommunikation","tag-stadtrat"],"share_on_mastodon":{"url":"","error":""},"_links":{"self":[{"href":"https:\/\/www.gruene-badoeynhausen.de\/wp\/wp-json\/wp\/v2\/posts\/246616","targetHints":{"allow":["GET"]}}],"collection":[{"href":"https:\/\/www.gruene-badoeynhausen.de\/wp\/wp-json\/wp\/v2\/posts"}],"about":[{"href":"https:\/\/www.gruene-badoeynhausen.de\/wp\/wp-json\/wp\/v2\/types\/post"}],"author":[{"embeddable":true,"href":"https:\/\/www.gruene-badoeynhausen.de\/wp\/wp-json\/wp\/v2\/users\/2"}],"replies":[{"embeddable":true,"href":"https:\/\/www.gruene-badoeynhausen.de\/wp\/wp-json\/wp\/v2\/comments?post=246616"}],"version-history":[{"count":4,"href":"https:\/\/www.gruene-badoeynhausen.de\/wp\/wp-json\/wp\/v2\/posts\/246616\/revisions"}],"predecessor-version":[{"id":246620,"href":"https:\/\/www.gruene-badoeynhausen.de\/wp\/wp-json\/wp\/v2\/posts\/246616\/revisions\/246620"}],"wp:attachment":[{"href":"https:\/\/www.gruene-badoeynhausen.de\/wp\/wp-json\/wp\/v2\/media?parent=246616"}],"wp:term":[{"taxonomy":"category","embeddable":true,"href":"https:\/\/www.gruene-badoeynhausen.de\/wp\/wp-json\/wp\/v2\/categories?post=246616"},{"taxonomy":"post_tag","embeddable":true,"href":"https:\/\/www.gruene-badoeynhausen.de\/wp\/wp-json\/wp\/v2\/tags?post=246616"}],"curies":[{"name":"wp","href":"https:\/\/api.w.org\/{rel}","templated":true}]}}