{"id":247048,"date":"2025-06-09T13:47:50","date_gmt":"2025-06-09T11:47:50","guid":{"rendered":"https:\/\/www.gruene-badoeynhausen.de\/wp\/?p=247048"},"modified":"2025-06-10T09:02:36","modified_gmt":"2025-06-10T07:02:36","slug":"gruene-bad-oeynhausen-nominieren-ihren-kandidaten-fuer-die-buergermeisterwahl","status":"publish","type":"post","link":"https:\/\/www.gruene-badoeynhausen.de\/wp\/2025\/06\/gruene-bad-oeynhausen-nominieren-ihren-kandidaten-fuer-die-buergermeisterwahl\/","title":{"rendered":"Gr\u00fcne Bad Oeynhausen nominieren ihren Kandidaten f\u00fcr die B\u00fcrgermeisterwahl"},"content":{"rendered":"<p>Bad Oeynhausen, den 06.05.2025 \u2013 Mit gro\u00dfer \u00dcberzeugung und einer klaren Vision f\u00fcr die Zukunft unserer Stadt hat die Partei B\u00fcndnis 90\/Die Gr\u00fcnen Bad Oeynhausen mit Prof. Dr. Ing. Thomas Schmidt ihren Kandidaten f\u00fcr die kommende B\u00fcrgermeisterwahl nominiert:<br \/>\n<figure id=\"attachment_247025\" aria-describedby=\"caption-attachment-247025\" style=\"width: 250px\" class=\"wp-caption alignright\"><a href=\"https:\/\/www.gruene-badoeynhausen.de\/wp\/wp-content\/uploads\/2025\/06\/Schmidt_Thomas_2025.jpg\"><img loading=\"lazy\" decoding=\"async\" src=\"https:\/\/www.gruene-badoeynhausen.de\/wp\/wp-content\/uploads\/2025\/06\/Schmidt_Thomas_2025-250x250.jpg\" alt=\"Portraitfoto von Prof. Dr. Ing. Thomas Schmidt\" width=\"250\" height=\"250\" class=\"size-Bild-rechts wp-image-247025\" srcset=\"https:\/\/www.gruene-badoeynhausen.de\/wp\/wp-content\/uploads\/2025\/06\/Schmidt_Thomas_2025-250x250.jpg 250w, https:\/\/www.gruene-badoeynhausen.de\/wp\/wp-content\/uploads\/2025\/06\/Schmidt_Thomas_2025-400x400.jpg 400w, https:\/\/www.gruene-badoeynhausen.de\/wp\/wp-content\/uploads\/2025\/06\/Schmidt_Thomas_2025-800x800.jpg 800w, https:\/\/www.gruene-badoeynhausen.de\/wp\/wp-content\/uploads\/2025\/06\/Schmidt_Thomas_2025-150x150.jpg 150w, https:\/\/www.gruene-badoeynhausen.de\/wp\/wp-content\/uploads\/2025\/06\/Schmidt_Thomas_2025-768x768.jpg 768w, https:\/\/www.gruene-badoeynhausen.de\/wp\/wp-content\/uploads\/2025\/06\/Schmidt_Thomas_2025.jpg 960w\" sizes=\"auto, (max-width: 250px) 100vw, 250px\" \/><\/a><figcaption id=\"caption-attachment-247025\" class=\"wp-caption-text\">Thomas Schmidt<\/figcaption><\/figure>\u201eUnser Ziel ist eine lebenswerte, klimafeste Stadt, in der sich alle Menschen wohlf\u00fchlen\u201c, erkl\u00e4rt Thomas Schmidt. \u201eDaf\u00fcr setzen wir auf bezahlbare W\u00e4rme f\u00fcr alle, nachhaltigen gr\u00fcnen Verkehr, eine wiederbelebte Innenstadt, die enge verkehrstechnische Anbindung der Ortsteile und ihre Weiterentwicklung. Gemeinsam gestalten wir eine Stadt, die zukunftsf\u00e4hig ist \u2013 f\u00fcr Mensch und Natur.\u201c<\/p>\n<p>Im Mittelpunkt unserer Agenda stehen der Ausbau erneuerbarer Energien mit W\u00e4rmepumpen und einem W\u00e4rmenetz mit Fluss- Abwasser- und Erdw\u00e4rme sowie Biogas, um die W\u00e4rmeversorgung bezahlbar und klimafest zu machen. Zudem wollen wir den Ausbau des gr\u00fcnen Verkehrs vorantreiben, um der weiter zunehmenden Verkehrsdichte zu begegnen. Die Belebung der Innenstadt ist Voraussetzung, um Einkauf, Kultur, Begegnung und Wirtschaft zu f\u00f6rdern.<\/p>\n<p>Ein weiteres wichtiges Anliegen ist die bessere Anbindung der Ortsteile an das Stadtzentrum \u00fcber einen verl\u00e4sslichen \u00d6PNV, damit alle B\u00fcrgerinnen und B\u00fcrger von einer lebendigen Gemeinschaft profitieren. Gleichzeitig setzen wir auf gute Schulen und Kitas zur Sicherung von Bildungschancen f\u00fcr die n\u00e4chste Generation und auf bezahlbares Wohnen, um Familien eine starke Heimat zu bieten.<\/p>\n<p>\u201eGemeinsam wollen wir Bad Oeynhausen klima- und zukunftsfest machen. Ich kandidiere f\u00fcr eine nachhaltige, soziale und gerechte Stadt, in der umweltbewusstes Handeln, Lebensqualit\u00e4t und die Zukunftschancen der Wirtschaft und Arbeitspl\u00e4tze Hand in Hand gehen\u201c, so Thomas Schmidt.<\/p>\n<p>Am 12. Juni um 20.00 Uhr gibt es eine erste Gelegenheit mit Thomas Schmidt pers\u00f6nlich ins Gespr\u00e4ch zu kommen. Der B\u00fcrgermeisterkanditat der Gr\u00fcnen in Bad Oeynhausen begr\u00fc\u00dft Interessierte beim Gr\u00fcnen Stammtisch in der Druckerei (Begegnungszentrum, Kaiserstra\u00dfe 14). <\/p>\n<p>Der Gr\u00fcne Stammtisch l\u00e4dt interessierte B\u00fcrgerinnen und B\u00fcrger ein, bei einem Kaltgetr\u00e4nk \u00fcber die Stadt, pers\u00f6nliche Anliegen und die Themen der Kommunalpolitik zu sprechen.  Eine Anmeldung ist nicht erforderlich.<\/p>\n","protected":false},"excerpt":{"rendered":"<p>Bad Oeynhausen, den 06.05.2025 \u2013 Mit gro\u00dfer \u00dcberzeugung und einer klaren Vision f\u00fcr die Zukunft unserer Stadt hat die Partei B\u00fcndnis 90\/Die Gr\u00fcnen Bad Oeynhausen mit Prof. Dr. Ing. Thomas [&hellip;]<\/p>\n","protected":false},"author":10,"featured_media":247049,"comment_status":"open","ping_status":"open","sticky":false,"template":"","format":"standard","meta":{"activitypub_content_warning":"","activitypub_content_visibility":"","activitypub_max_image_attachments":3,"activitypub_interaction_policy_quote":"anyone","activitypub_status":"federated","footnotes":""},"categories":[4,6],"tags":[82,219,83,267],"class_list":["post-247048","post","type-post","status-publish","format-standard","has-post-thumbnail","hentry","category-ortsverband","category-pressemitteilung","tag-buergermeister","tag-buergermeisterwahl","tag-kommunalwahl","tag-offener-gruener-stammtisch"],"share_on_mastodon":{"url":"","error":""},"_links":{"self":[{"href":"https:\/\/www.gruene-badoeynhausen.de\/wp\/wp-json\/wp\/v2\/posts\/247048","targetHints":{"allow":["GET"]}}],"collection":[{"href":"https:\/\/www.gruene-badoeynhausen.de\/wp\/wp-json\/wp\/v2\/posts"}],"about":[{"href":"https:\/\/www.gruene-badoeynhausen.de\/wp\/wp-json\/wp\/v2\/types\/post"}],"author":[{"embeddable":true,"href":"https:\/\/www.gruene-badoeynhausen.de\/wp\/wp-json\/wp\/v2\/users\/10"}],"replies":[{"embeddable":true,"href":"https:\/\/www.gruene-badoeynhausen.de\/wp\/wp-json\/wp\/v2\/comments?post=247048"}],"version-history":[{"count":2,"href":"https:\/\/www.gruene-badoeynhausen.de\/wp\/wp-json\/wp\/v2\/posts\/247048\/revisions"}],"predecessor-version":[{"id":247051,"href":"https:\/\/www.gruene-badoeynhausen.de\/wp\/wp-json\/wp\/v2\/posts\/247048\/revisions\/247051"}],"wp:featuredmedia":[{"embeddable":true,"href":"https:\/\/www.gruene-badoeynhausen.de\/wp\/wp-json\/wp\/v2\/media\/247049"}],"wp:attachment":[{"href":"https:\/\/www.gruene-badoeynhausen.de\/wp\/wp-json\/wp\/v2\/media?parent=247048"}],"wp:term":[{"taxonomy":"category","embeddable":true,"href":"https:\/\/www.gruene-badoeynhausen.de\/wp\/wp-json\/wp\/v2\/categories?post=247048"},{"taxonomy":"post_tag","embeddable":true,"href":"https:\/\/www.gruene-badoeynhausen.de\/wp\/wp-json\/wp\/v2\/tags?post=247048"}],"curies":[{"name":"wp","href":"https:\/\/api.w.org\/{rel}","templated":true}]}}