{"id":247193,"date":"2025-10-24T17:32:47","date_gmt":"2025-10-24T15:32:47","guid":{"rendered":"https:\/\/www.gruene-badoeynhausen.de\/wp\/?p=247193"},"modified":"2025-10-24T17:32:47","modified_gmt":"2025-10-24T15:32:47","slug":"buendnis-90-die-gruenen-bad-oeynhausen-waehlen-neuen-fraktionsvorstand","status":"publish","type":"post","link":"https:\/\/www.gruene-badoeynhausen.de\/wp\/2025\/10\/buendnis-90-die-gruenen-bad-oeynhausen-waehlen-neuen-fraktionsvorstand\/","title":{"rendered":"B\u00fcndnis 90\/Die Gr\u00fcnen Bad Oeynhausen w\u00e4hlen neuen Fraktionsvorstand"},"content":{"rendered":"<p>Die Fraktion von B\u00fcndnis 90\/Die Gr\u00fcnen im Rat der Stadt Bad Oeynhausen hat sich zu ihrer konstituierenden Sitzung getroffen und einen neuen Vorstand gew\u00e4hlt.<\/p>\n<p>Zum Fraktionsvorsitzenden wurde Andreas Edler gew\u00e4hlt. Christian Fitte \u00fcbernimmt das Amt des stellvertretenden Fraktionsvorsitzenden, und Norbert Heinrich wird k\u00fcnftig als Fraktionsgesch\u00e4ftsf\u00fchrer t\u00e4tig sein.<\/p>\n<p><figure id=\"attachment_245472\" aria-describedby=\"caption-attachment-245472\" style=\"width: 150px\" class=\"wp-caption alignright\"><a href=\"https:\/\/www.gruene-badoeynhausen.de\/wp\/wp-content\/uploads\/2020\/07\/brand_volker_2020.png\"><img loading=\"lazy\" decoding=\"async\" src=\"https:\/\/www.gruene-badoeynhausen.de\/wp\/wp-content\/uploads\/2020\/07\/brand_volker_2020-150x150.png\" alt=\"\" width=\"150\" height=\"150\" class=\"size-thumbnail wp-image-245472\" srcset=\"https:\/\/www.gruene-badoeynhausen.de\/wp\/wp-content\/uploads\/2020\/07\/brand_volker_2020-150x150.png 150w, https:\/\/www.gruene-badoeynhausen.de\/wp\/wp-content\/uploads\/2020\/07\/brand_volker_2020-400x400.png 400w, https:\/\/www.gruene-badoeynhausen.de\/wp\/wp-content\/uploads\/2020\/07\/brand_volker_2020-800x800.png 800w, https:\/\/www.gruene-badoeynhausen.de\/wp\/wp-content\/uploads\/2020\/07\/brand_volker_2020-768x768.png 768w, https:\/\/www.gruene-badoeynhausen.de\/wp\/wp-content\/uploads\/2020\/07\/brand_volker_2020-250x250.png 250w, https:\/\/www.gruene-badoeynhausen.de\/wp\/wp-content\/uploads\/2020\/07\/brand_volker_2020.png 960w\" sizes=\"auto, (max-width: 150px) 100vw, 150px\" \/><\/a><figcaption id=\"caption-attachment-245472\" class=\"wp-caption-text\">Dr. Volker Brand<\/figcaption><\/figure> Die Fraktion verabschiedete in diesem Zuge Volker Brand, der bisher das Amt des Fraktionsvorsitzenden innehatte, sowie Regine Brand, die als Fraktionsgesch\u00e4ftsf\u00fchrerin t\u00e4tig war. Beiden wurde f\u00fcr ihr langj\u00e4hriges Engagement und ihre Verdienste um die gr\u00fcne Ratsarbeit in Bad Oeynhausen herzlich gedankt.<\/p>\n<p>Die neue Fraktion besteht aus sechs Ratsmitgliedern sowie weiteren sachkundigen B\u00fcrgerinnen und B\u00fcrgern, die sich f\u00fcr eine nachhaltige, soziale und zukunftsorientierte Kommunalpolitik in Bad Oeynhausen einsetzen.<\/p>\n<p>Andreas Edler betont: \u201eWir freuen uns auf die kommende Wahlperiode und m\u00f6chten mit Tatkraft und Ideenreichtum daran arbeiten, Bad Oeynhausen \u00f6kologisch und sozial weiterzuentwickeln.\u201c<\/p>\n","protected":false},"excerpt":{"rendered":"<p>Die Fraktion von B\u00fcndnis 90\/Die Gr\u00fcnen im Rat der Stadt Bad Oeynhausen hat sich zu ihrer konstituierenden Sitzung getroffen und einen neuen Vorstand gew\u00e4hlt. Zum Fraktionsvorsitzenden wurde Andreas Edler gew\u00e4hlt. [&hellip;]<\/p>\n","protected":false},"author":9,"featured_media":247194,"comment_status":"open","ping_status":"open","sticky":false,"template":"","format":"standard","meta":{"activitypub_content_warning":"","activitypub_content_visibility":"","activitypub_max_image_attachments":3,"activitypub_interaction_policy_quote":"anyone","activitypub_status":"federated","footnotes":""},"categories":[5,6],"tags":[281,83,209,175,81],"class_list":["post-247193","post","type-post","status-publish","format-standard","has-post-thumbnail","hentry","category-fraktion","category-pressemitteilung","tag-kommunalpolitik","tag-kommunalwahl","tag-stadtrat","tag-vorstand","tag-wahlen"],"share_on_mastodon":{"url":"","error":""},"_links":{"self":[{"href":"https:\/\/www.gruene-badoeynhausen.de\/wp\/wp-json\/wp\/v2\/posts\/247193","targetHints":{"allow":["GET"]}}],"collection":[{"href":"https:\/\/www.gruene-badoeynhausen.de\/wp\/wp-json\/wp\/v2\/posts"}],"about":[{"href":"https:\/\/www.gruene-badoeynhausen.de\/wp\/wp-json\/wp\/v2\/types\/post"}],"author":[{"embeddable":true,"href":"https:\/\/www.gruene-badoeynhausen.de\/wp\/wp-json\/wp\/v2\/users\/9"}],"replies":[{"embeddable":true,"href":"https:\/\/www.gruene-badoeynhausen.de\/wp\/wp-json\/wp\/v2\/comments?post=247193"}],"version-history":[{"count":3,"href":"https:\/\/www.gruene-badoeynhausen.de\/wp\/wp-json\/wp\/v2\/posts\/247193\/revisions"}],"predecessor-version":[{"id":247197,"href":"https:\/\/www.gruene-badoeynhausen.de\/wp\/wp-json\/wp\/v2\/posts\/247193\/revisions\/247197"}],"wp:featuredmedia":[{"embeddable":true,"href":"https:\/\/www.gruene-badoeynhausen.de\/wp\/wp-json\/wp\/v2\/media\/247194"}],"wp:attachment":[{"href":"https:\/\/www.gruene-badoeynhausen.de\/wp\/wp-json\/wp\/v2\/media?parent=247193"}],"wp:term":[{"taxonomy":"category","embeddable":true,"href":"https:\/\/www.gruene-badoeynhausen.de\/wp\/wp-json\/wp\/v2\/categories?post=247193"},{"taxonomy":"post_tag","embeddable":true,"href":"https:\/\/www.gruene-badoeynhausen.de\/wp\/wp-json\/wp\/v2\/tags?post=247193"}],"curies":[{"name":"wp","href":"https:\/\/api.w.org\/{rel}","templated":true}]}}