{"id":28969,"date":"2014-03-26T18:25:45","date_gmt":"2014-03-26T17:25:45","guid":{"rendered":"http:\/\/www.gruene-badoeynhausen.de\/wp\/?p=28969"},"modified":"2014-03-26T18:25:54","modified_gmt":"2014-03-26T17:25:54","slug":"mehr-gruen-fuer-ein-besseres-europa","status":"publish","type":"post","link":"https:\/\/www.gruene-badoeynhausen.de\/wp\/2014\/03\/mehr-gruen-fuer-ein-besseres-europa\/","title":{"rendered":"Mehr Gr\u00fcn &#8211; f\u00fcr ein besseres Europa"},"content":{"rendered":"<h3>Change Europe. Vote Green.<\/h3>\n<p>Am 25. Mai geht es nicht nur um eine Wahl &#8211; es geht um die Europ\u00e4ische Einigung! Populisten von links und rechts wollen Europa renationalisieren. Wir Gr\u00fcne stehen dagegen f\u00fcr ein Europa der B\u00fcrgerinnen und B\u00fcrger und f\u00fcr die Europ\u00e4ische Demokratie.<\/p>\n<p>Doch die demokratischen Grundrechte in Europa sind bedroht, wenn z.B. in Griechenland das Geld f\u00fcr Krankenh\u00e4user zusammengek\u00fcrzt wird und viele Menschen keine Gesundheitsversorgung mehr bekommen. In Spanien ist \u00fcber die H\u00e4lfte der Jugendlichen arbeitslos, das ist ein Problem f\u00fcr ganz Europa. Wir d\u00fcrfen nicht zulassen, dass die verantwortungslose Zockerei der Finanzindustrie den wirtschaftlichen Zusammenhalt Europas zerst\u00f6rt. Wir Gr\u00fcne stehen f\u00fcr eine Europ\u00e4ische Wirtschafts- und Sozialunion mit gemeinsamen sozialen Grundrechten und Mindesteuers\u00e4tzen.<!--more--><\/p>\n<p>Um aus der Krise zu kommen, brauchen wir keine Abwicklung der Europ\u00e4ischen Klimapolitik, wie die Gro\u00dfe Koalition sie unterst\u00fctzt, sondern Entschiedenheit und Investitionen. Zukunftsinvestitionen in Energie- und Rohstoffeffizienz, Erneuerbare Energien, Bildung, nachhaltige Landwirtschaft k\u00f6nnen uns in ganz Europa helfen aus der Krise zu kommen und unabh\u00e4ngig von teuren \u00d6limporten zu werden.<\/p>\n<p>Die \u00f6kologische Frage k\u00f6nnen wir nur global beantworten, aber Europa muss voran gehen auf dem Weg zu einer nachhaltigen Wirtschaftsweise. Nur wenn die EU klare Vorgaben macht. Die Energiewirtschaft geh\u00f6rt auf ein neues Fundament. Deshalb k\u00e4mpfen wir Gr\u00fcnen gegen Atomkraftwerke &#8211; in Deutschland wie \u00fcberall in Europa, diese Technologie geh\u00f6rt auf den Friedhof der Geschichte. Die Zukunft der Energie ist effizient und erneuerbar!<\/p>\n<p>Europa kann nicht zulassen, dass an seinen Grenzen zu tausenden Fl\u00fcchtlinge elendig ertrinken! Der Libanon hat ca. 900.000 Fl\u00fcchtlinge aus Syrien aufgenommen. Es ist skandal\u00f6s, dass wir in Deutschland \u00fcber 5.000 oder 10.000 \u00fcberhaupt diskutieren. Wir Gr\u00fcne wollen schnelle und unb\u00fcrokratische Aufnahme von Fl\u00fcchtlingen in Deutschland und Europa und ein Ende des menschenunw\u00fcrdigen Umgangs mit ihnen.<\/p>\n<p>Der politische Prozess wird immer mehr von Lobbyismus m\u00e4chtiger Sonderinteressen manipuliert. Dem stellen wir Gr\u00fcne uns entgegen &#8211; gerade in Europa. Wir wollen kein Handelsabkommen mit den USA, das Umwelt- und Verbraucherschutzstandards unterl\u00e4uft und die Interessen gro\u00dfer globaler Konzerne \u00fcber unsere demokratischen Rechte stellen w\u00fcrde. Deswegen fordern wir das Aussetzen der Verhandlungen und ein neues, viel engeres Verhandlungsmandat.<\/p>\n<p>Viele B\u00fcrgerInnen denken bei der EU an B\u00fcrokratie und Regelungswut. Wir meinen: Entscheidungen sollen so dezentral wie m\u00f6glich gef\u00e4llt werden. Wir wissen: F\u00fcr die gro\u00dfen Zukunftsaufgaben wie Klimaschutz, Frieden, Menschenrechte und wirtschaftliche Stabilit\u00e4t brauchen wir mehr Europa. Gleichzeitig muss Europa lernen die Kirche im Dorf zu lassen: Die \u00f6ffentliche Daseinsvorsorge &#8211; z. B. die Trinkwasserversorgung &#8211; wollen wir in der Hand der Kommunen belassen. Sparkassen und Genossenschaftsbanken mit ihren Besonderheiten sch\u00fctzen wir auch in einer Europ\u00e4ischen Bankenunion.<\/p>\n","protected":false},"excerpt":{"rendered":"<p>Change Europe. Vote Green. Am 25. Mai geht es nicht nur um eine Wahl &#8211; es geht um die Europ\u00e4ische Einigung! Populisten von links und rechts wollen Europa renationalisieren. Wir [&hellip;]<\/p>\n","protected":false},"author":5,"featured_media":0,"comment_status":"open","ping_status":"open","sticky":false,"template":"","format":"standard","meta":{"activitypub_content_warning":"","activitypub_content_visibility":"","activitypub_max_image_attachments":3,"activitypub_interaction_policy_quote":"anyone","activitypub_status":"","footnotes":""},"categories":[4,6],"tags":[89,88,91,90],"class_list":["post-28969","post","type-post","status-publish","format-standard","hentry","category-ortsverband","category-pressemitteilung","tag-europa","tag-europawahl","tag-grundrechte","tag-klimapolitik"],"share_on_mastodon":{"url":"","error":""},"_links":{"self":[{"href":"https:\/\/www.gruene-badoeynhausen.de\/wp\/wp-json\/wp\/v2\/posts\/28969","targetHints":{"allow":["GET"]}}],"collection":[{"href":"https:\/\/www.gruene-badoeynhausen.de\/wp\/wp-json\/wp\/v2\/posts"}],"about":[{"href":"https:\/\/www.gruene-badoeynhausen.de\/wp\/wp-json\/wp\/v2\/types\/post"}],"author":[{"embeddable":true,"href":"https:\/\/www.gruene-badoeynhausen.de\/wp\/wp-json\/wp\/v2\/users\/5"}],"replies":[{"embeddable":true,"href":"https:\/\/www.gruene-badoeynhausen.de\/wp\/wp-json\/wp\/v2\/comments?post=28969"}],"version-history":[{"count":1,"href":"https:\/\/www.gruene-badoeynhausen.de\/wp\/wp-json\/wp\/v2\/posts\/28969\/revisions"}],"predecessor-version":[{"id":28973,"href":"https:\/\/www.gruene-badoeynhausen.de\/wp\/wp-json\/wp\/v2\/posts\/28969\/revisions\/28973"}],"wp:attachment":[{"href":"https:\/\/www.gruene-badoeynhausen.de\/wp\/wp-json\/wp\/v2\/media?parent=28969"}],"wp:term":[{"taxonomy":"category","embeddable":true,"href":"https:\/\/www.gruene-badoeynhausen.de\/wp\/wp-json\/wp\/v2\/categories?post=28969"},{"taxonomy":"post_tag","embeddable":true,"href":"https:\/\/www.gruene-badoeynhausen.de\/wp\/wp-json\/wp\/v2\/tags?post=28969"}],"curies":[{"name":"wp","href":"https:\/\/api.w.org\/{rel}","templated":true}]}}