{"id":298,"date":"2012-01-05T07:36:48","date_gmt":"2012-01-05T06:36:48","guid":{"rendered":"http:\/\/www.gruene-badoeynhausen.de\/wp\/?p=298"},"modified":"2012-01-05T07:36:48","modified_gmt":"2012-01-05T06:36:48","slug":"wulff","status":"publish","type":"post","link":"https:\/\/www.gruene-badoeynhausen.de\/wp\/2012\/01\/wulff\/","title":{"rendered":"Wulff"},"content":{"rendered":"<p><img decoding=\"async\" style=\"margin-left: 10px;\" src=\"http:\/\/www.gruene-badoeynhausen.de\/bilder\/portraits\/a_edler.jpg\" border=\"0\" align=\"right\" \/> Ich bin ent\u00e4uscht. Ich selber haue ja auch gerne drauf, wenn sich jemand nicht korrekt verh\u00e4lt und bem\u00fche mich darum, mich halbwegs gesittet zu verhalten. Wahrscheinlich w\u00fcrde ich sogar wirklich nicht von einem Freund Geld leihen, wenn ich ein Haus kaufe. Tats\u00e4chlich habe ich das auch nicht getan, als wir hier eingezogen sind. Auch gebe ich Freunden etwas, wenn ich deren Ressourcen nutze und &#8222;schnorre&#8220; nicht einfach irgendwelche Leistungen.<\/p>\n<p>Unser Bundespr\u00e4sident hat das gestern im Interview des ZDF anders gesehen. F\u00fcr ihn ist es v\u00f6llig normal, unentgeltlich Leistungen von Freunden in Anspruch zu nehmen. Es mag sein, dass es tats\u00e4chlich Kreise gibt, in denen das \u00fcblich ist. Wenn nun der Inanspruchnehmende allerdings das h\u00f6chste Amt im Land &#8211; oder im Bundesland &#8211; inne hat und der Freund ein Industrieller ist, der den Politiker zudem auch noch auf Dienstreisen begleitet, dann finde ich das sehr befremdlich.<!--more--><\/p>\n<p>Man kann in so einem Fall n\u00e4mlich nicht ausschlie\u00dfen, dass diese Hilfeleistungen in der Zukunft nicht im Ged\u00e4chtnis bleiben und zu wie auch immer gearteten Gegenleistungen f\u00fchren. Darum h\u00e4tte Wulff moralisch in jedem Fall auf das Privatdarlehen verzichten m\u00fcssen. Hat er aber nicht. Meinetwegen, ich finde das ziemlich ungeh\u00f6rig, k\u00f6nnte aber damit leben, wenn er es wenigstens offen gelegt h\u00e4tte. Freiwillig. Aber selbst auf Nachfrage hat er sich auf Spitzfindigkeiten zur\u00fcckgezogen und br\u00f6ckchenweise immer mehr Details preis gegeben. Das geht gar nicht. Ich schimpfe meinen Jungen jedenfalls, wenn er versucht sich aus irgendeinem Bl\u00f6dsinn so raus zu lavieren.<\/p>\n<p>Und dann das oben erw\u00e4hnte Interview heute abend. Es m\u00fcssen schon ziemlich schlechte Filme sein, die ich vom Fremdsch\u00e4mfaktor als Vergleich heranziehen kann. Was der arme Mann da an Selbstmitleid von sich gegeben hat und welche Ansichten er vertrat, hat mich ganz und gar \u00fcberzeugt, nicht mehr &#8222;meinem&#8220; Pr\u00e4sidenten zuzuh\u00f6ren. So ein Mann hat nicht meinen Respekt. Das war eine ganz miese Vorstellung. Ein Schlag ins Gesicht von Menschen, die sich mal nicht eben so bei Freunden 500.000 Euro leihen k\u00f6nnen und denen die Banken nicht &#8222;per Handschlag&#8220; Darlehen gew\u00e4hren. An solchen Aussagen sieht man, in welchen Sph\u00e4ren der Mann schwebt. So ein Mensch ist nicht dazu geeignet, mich zu repr\u00e4sentieren.<\/p>\n","protected":false},"excerpt":{"rendered":"<p>Ich bin ent\u00e4uscht. Ich selber haue ja auch gerne drauf, wenn sich jemand nicht korrekt verh\u00e4lt und bem\u00fche mich darum, mich halbwegs gesittet zu verhalten. Wahrscheinlich w\u00fcrde ich sogar wirklich [&hellip;]<\/p>\n","protected":false},"author":1,"featured_media":0,"comment_status":"open","ping_status":"open","sticky":false,"template":"","format":"standard","meta":{"activitypub_content_warning":"","activitypub_content_visibility":"","activitypub_max_image_attachments":3,"activitypub_interaction_policy_quote":"anyone","activitypub_status":"","footnotes":""},"categories":[7,4],"tags":[],"class_list":["post-298","post","type-post","status-publish","format-standard","hentry","category-meinung","category-ortsverband"],"share_on_mastodon":{"url":"","error":""},"_links":{"self":[{"href":"https:\/\/www.gruene-badoeynhausen.de\/wp\/wp-json\/wp\/v2\/posts\/298","targetHints":{"allow":["GET"]}}],"collection":[{"href":"https:\/\/www.gruene-badoeynhausen.de\/wp\/wp-json\/wp\/v2\/posts"}],"about":[{"href":"https:\/\/www.gruene-badoeynhausen.de\/wp\/wp-json\/wp\/v2\/types\/post"}],"author":[{"embeddable":true,"href":"https:\/\/www.gruene-badoeynhausen.de\/wp\/wp-json\/wp\/v2\/users\/1"}],"replies":[{"embeddable":true,"href":"https:\/\/www.gruene-badoeynhausen.de\/wp\/wp-json\/wp\/v2\/comments?post=298"}],"version-history":[{"count":1,"href":"https:\/\/www.gruene-badoeynhausen.de\/wp\/wp-json\/wp\/v2\/posts\/298\/revisions"}],"predecessor-version":[{"id":299,"href":"https:\/\/www.gruene-badoeynhausen.de\/wp\/wp-json\/wp\/v2\/posts\/298\/revisions\/299"}],"wp:attachment":[{"href":"https:\/\/www.gruene-badoeynhausen.de\/wp\/wp-json\/wp\/v2\/media?parent=298"}],"wp:term":[{"taxonomy":"category","embeddable":true,"href":"https:\/\/www.gruene-badoeynhausen.de\/wp\/wp-json\/wp\/v2\/categories?post=298"},{"taxonomy":"post_tag","embeddable":true,"href":"https:\/\/www.gruene-badoeynhausen.de\/wp\/wp-json\/wp\/v2\/tags?post=298"}],"curies":[{"name":"wp","href":"https:\/\/api.w.org\/{rel}","templated":true}]}}