{"id":563,"date":"2012-07-06T16:17:08","date_gmt":"2012-07-06T14:17:08","guid":{"rendered":"http:\/\/www.gruene-badoeynhausen.de\/wp\/?p=563"},"modified":"2012-07-06T16:17:08","modified_gmt":"2012-07-06T14:17:08","slug":"bloss-keine-namen-nennen","status":"publish","type":"post","link":"https:\/\/www.gruene-badoeynhausen.de\/wp\/2012\/07\/bloss-keine-namen-nennen\/","title":{"rendered":"Blo\u00df keine Namen nennen"},"content":{"rendered":"<p><img decoding=\"async\" style=\"margin-left: 10px;\" src=\"http:\/\/www.gruene-badoeynhausen.de\/bilder\/portraits\/a_edler.jpg\" border=\"0\" align=\"right\" \/> Heute berichteten die Neue-Westf\u00e4lische und das Westfalen-Blatt \u00fcber die Ratssitzung am letzten Mittwoch. Sportst\u00e4ttennutzungsgeb\u00fchren, Elternbeitr\u00e4ge zum Offenen Ganztag, die Namensgebung des neuen Grundschulverbundes im Norden der Stadt &#8211; alles erw\u00e4hnt und beschrieben. Und dabei scheint f\u00fcr die Presse auch interessant zu sein, wer wie abgestimmt hat, denn es werden durchaus die Fraktionen mit dem jeweiligen Abstimmverhalten genannt. Bei einem Punkt ich sogar namentlich, da ich anders als meine Fraktion die Hand hob. Es muss also doch etwas dran sein.<\/p>\n<p>Darum bin ich etwas verwundert, dass der TOP der mich am meisten \u00e4rgerte, gar nicht in der Presse statt findet. Der Rat m\u00f6chte nicht, dass bei namentlicher Abstimmung im \u00f6ffentlichen Teil einer Sitzung, die entsprechenden Namenslisten ver\u00f6ffentlich werden. Das ist ein starkes St\u00fcck! Es kommt vergleichsweise selten vor, dass man namentlich abstimmen muss <span style=\"font-size: 80%\">(ob man irgendwann &#8222;muss&#8220; wei\u00df ich noch nicht einmal)<\/span>, denn meist wird ein solcher Gesch\u00e4ftsordnungsantrag nur dann gestellt, wenn man gegen\u00fcber der anderen Meinung eine gewisse Drohkulisse aufbauen m\u00f6chte. Jedenfalls ist das mein Empfinden. Das macht man nat\u00fcrlich nur bei (vermeintlich) &#8222;gef\u00e4hrlichen&#8220; oder besonders publikumswirksamen Punkten.<!--more--><\/p>\n<p>Und genau dieses Abstimmungsverhalten verschwindet dann im Archiv. Denn nat\u00fcrlich wird festgehalten wer wie gestimmt hat, sonst macht es keinen Sinn. Diese Listen werden nur der ver\u00f6ffentlichten Niederschrift nicht beigef\u00fcgt. Nicht einmal ich als Ratsmitglied bekomme eine Kopie davon. Auch nicht auf Anfrage! Ich kann, wie jeder B\u00fcrger auch, einen Antrag auf Akteneinsicht stellen und darf dann die Liste einsehen und abschreiben &#8211; nicht fotografieren oder kopieren.<\/p>\n<p>Nat\u00fcrlich hat man dabei keine Angst, ein W\u00e4hler k\u00f6nne sehen, wie sein Vertreter im Rat zu bestimmten Themen steht. Nein, es geht darum, dass die Listen bei einer Ver\u00f6ffentlichung ja auch im b\u00f6sen Internet landen und man dann damit Schmufix anstellen kann. &#8222;Agitation werden T\u00fcr und Tor ge\u00f6ffnet!&#8220; &#8211; nunja liebe Leute, werdet erwachsen. Das kann man und hat man in den letzten Jahrhunderten auch ohne Internet geschafft. Ich vermute die meisten wollen nicht, dass man einfach nachvollziehen kann, wer im konkreten Fall wie abgestimmt hat.<\/p>\n<p>Agitation &#8211; albern! Wenn ich eine Meinung habe, dann kann ich die vertreten. Falls ich Angst davor habe, dass mir jemand meine Meinung vorh\u00e4lt, dann bin ich im falschen Gremium! Und ja, ich habe das alles schon mal geschrieben. Diese nun nicht stattfindende Transparenz halte ich aber f\u00fcr essentiell und kann die Beweggr\u00fcnde der SPD, der FDP und Teilen der CDU nicht nachvollziehen. <\/p>\n<p>Auch immer noch nicht nachvollziehen kann ich, warum wir den Antrag \u00fcberhaupt stellen mussten, bei einer solch demokratischen Selbstverst\u00e4ndlichkeit. Die Gesch\u00e4ftsordnung gibt das unter Verschluss halten n\u00e4mlich gar nicht ausdr\u00fccklich her. Das passiert nur &#8222;weil es schon immer so gemacht wurde&#8220;.<\/p>\n","protected":false},"excerpt":{"rendered":"<p>Heute berichteten die Neue-Westf\u00e4lische und das Westfalen-Blatt \u00fcber die Ratssitzung am letzten Mittwoch. Sportst\u00e4ttennutzungsgeb\u00fchren, Elternbeitr\u00e4ge zum Offenen Ganztag, die Namensgebung des neuen Grundschulverbundes im Norden der Stadt &#8211; alles erw\u00e4hnt [&hellip;]<\/p>\n","protected":false},"author":1,"featured_media":0,"comment_status":"open","ping_status":"open","sticky":false,"template":"","format":"standard","meta":{"activitypub_content_warning":"","activitypub_content_visibility":"","activitypub_max_image_attachments":3,"activitypub_interaction_policy_quote":"anyone","activitypub_status":"","footnotes":""},"categories":[10,5,7],"tags":[],"class_list":["post-563","post","type-post","status-publish","format-standard","hentry","category-antraege","category-fraktion","category-meinung"],"share_on_mastodon":{"url":"","error":""},"_links":{"self":[{"href":"https:\/\/www.gruene-badoeynhausen.de\/wp\/wp-json\/wp\/v2\/posts\/563","targetHints":{"allow":["GET"]}}],"collection":[{"href":"https:\/\/www.gruene-badoeynhausen.de\/wp\/wp-json\/wp\/v2\/posts"}],"about":[{"href":"https:\/\/www.gruene-badoeynhausen.de\/wp\/wp-json\/wp\/v2\/types\/post"}],"author":[{"embeddable":true,"href":"https:\/\/www.gruene-badoeynhausen.de\/wp\/wp-json\/wp\/v2\/users\/1"}],"replies":[{"embeddable":true,"href":"https:\/\/www.gruene-badoeynhausen.de\/wp\/wp-json\/wp\/v2\/comments?post=563"}],"version-history":[{"count":1,"href":"https:\/\/www.gruene-badoeynhausen.de\/wp\/wp-json\/wp\/v2\/posts\/563\/revisions"}],"predecessor-version":[{"id":564,"href":"https:\/\/www.gruene-badoeynhausen.de\/wp\/wp-json\/wp\/v2\/posts\/563\/revisions\/564"}],"wp:attachment":[{"href":"https:\/\/www.gruene-badoeynhausen.de\/wp\/wp-json\/wp\/v2\/media?parent=563"}],"wp:term":[{"taxonomy":"category","embeddable":true,"href":"https:\/\/www.gruene-badoeynhausen.de\/wp\/wp-json\/wp\/v2\/categories?post=563"},{"taxonomy":"post_tag","embeddable":true,"href":"https:\/\/www.gruene-badoeynhausen.de\/wp\/wp-json\/wp\/v2\/tags?post=563"}],"curies":[{"name":"wp","href":"https:\/\/api.w.org\/{rel}","templated":true}]}}