{"id":60843,"date":"2014-11-28T18:12:00","date_gmt":"2014-11-28T17:12:00","guid":{"rendered":"http:\/\/www.gruene-badoeynhausen.de\/wp\/?p=60843"},"modified":"2014-11-28T18:12:00","modified_gmt":"2014-11-28T17:12:00","slug":"eigentum-verpflichtet","status":"publish","type":"post","link":"https:\/\/www.gruene-badoeynhausen.de\/wp\/2014\/11\/eigentum-verpflichtet\/","title":{"rendered":"Eigentum verpflichtet."},"content":{"rendered":"<h4>\u201eEigentum verpflichtet. Sein Gebrauch soll zugleich dem Wohle der Allgemeinheit dienen.\u201c GG \u00a714 Abs. 2.<\/h4>\n<p><img decoding=\"async\" style=\"margin-left: 10px;\" src=\"http:\/\/www.gruene-badoeynhausen.de\/bilder\/portraits\/r_mheld.jpg\" border=\"0\" align=\"right\" \/>Und genau das Gegenteil hat der K\u00e4ufer eines hoffentlich bald auch endg\u00fcltig unter Denkmalschutz stehenden Geb\u00e4udes aber ganz anders gesehen. Auch der Baum war ein Denkmal und den besorgten B\u00fcrgern war der Erhalt des Baumes zugesichert worden. Schon der radikale R\u00fcckschnitt lie\u00df Schlimmes bef\u00fcrchten, h\u00e4tte aber auch bedeuten k\u00f6nnen, dass dies wundersch\u00f6ne Geb\u00e4ude ohne Einschr\u00e4nkungen genutzt werden konnte. Aber das war wohl nur eine Ablenkungsman\u00f6ver.<br \/>\n<!--more--><br \/>\nDer vorher gestellte Abrissantrag dr\u00fcckte wohl die wahren Absichten des Immobilienkaufmanns aus. Der einzige Grund f\u00fcr das brutale F\u00e4llen des Baumes kann nur die wirtschaftliche Ausnutzung des Grundst\u00fccks sein. Dies w\u00e4re aber nur zu verstehen, wenn nicht ein solcher Frevel Voraussetzung daf\u00fcr w\u00e4re. Jetzt sind die Verwaltung und der Rat am Zuge. \u00dcber eine Ver\u00e4nderungssperre im Rahmen des Bebauungsplanverfahrens und eindeutige Aussagen zur r\u00fcckw\u00e4rtigen Bebauung m\u00fcssen Spekulationen zur weitergehenden Nutzung des so geschaffenen Freiraums nicht zugelassen werden. Nach diesem dreisten Vorgehen haftet dem Haus ein Makel an, welches die Nachbarn und Unterzeichner der Liste nicht vergessen werden. Es lastet eine gro\u00dfe Betroffenheit auf den engagierten B\u00fcrgern dieser Stadt, die sich f\u00fcr das Wohl und die Sch\u00f6nheit unserer Stadt einsetzen.<\/p>\n","protected":false},"excerpt":{"rendered":"<p>\u201eEigentum verpflichtet. Sein Gebrauch soll zugleich dem Wohle der Allgemeinheit dienen.\u201c GG \u00a714 Abs. 2. Und genau das Gegenteil hat der K\u00e4ufer eines hoffentlich bald auch endg\u00fcltig unter Denkmalschutz stehenden [&hellip;]<\/p>\n","protected":false},"author":5,"featured_media":0,"comment_status":"open","ping_status":"open","sticky":false,"template":"","format":"standard","meta":{"activitypub_content_warning":"","activitypub_content_visibility":"","activitypub_max_image_attachments":3,"activitypub_interaction_policy_quote":"anyone","activitypub_status":"","footnotes":""},"categories":[7,4,6],"tags":[60,78,113],"class_list":["post-60843","post","type-post","status-publish","format-standard","hentry","category-meinung","category-ortsverband","category-pressemitteilung","tag-bad-oeynhausen","tag-baumschutz","tag-satzung"],"share_on_mastodon":{"url":"","error":""},"_links":{"self":[{"href":"https:\/\/www.gruene-badoeynhausen.de\/wp\/wp-json\/wp\/v2\/posts\/60843","targetHints":{"allow":["GET"]}}],"collection":[{"href":"https:\/\/www.gruene-badoeynhausen.de\/wp\/wp-json\/wp\/v2\/posts"}],"about":[{"href":"https:\/\/www.gruene-badoeynhausen.de\/wp\/wp-json\/wp\/v2\/types\/post"}],"author":[{"embeddable":true,"href":"https:\/\/www.gruene-badoeynhausen.de\/wp\/wp-json\/wp\/v2\/users\/5"}],"replies":[{"embeddable":true,"href":"https:\/\/www.gruene-badoeynhausen.de\/wp\/wp-json\/wp\/v2\/comments?post=60843"}],"version-history":[{"count":2,"href":"https:\/\/www.gruene-badoeynhausen.de\/wp\/wp-json\/wp\/v2\/posts\/60843\/revisions"}],"predecessor-version":[{"id":60848,"href":"https:\/\/www.gruene-badoeynhausen.de\/wp\/wp-json\/wp\/v2\/posts\/60843\/revisions\/60848"}],"wp:attachment":[{"href":"https:\/\/www.gruene-badoeynhausen.de\/wp\/wp-json\/wp\/v2\/media?parent=60843"}],"wp:term":[{"taxonomy":"category","embeddable":true,"href":"https:\/\/www.gruene-badoeynhausen.de\/wp\/wp-json\/wp\/v2\/categories?post=60843"},{"taxonomy":"post_tag","embeddable":true,"href":"https:\/\/www.gruene-badoeynhausen.de\/wp\/wp-json\/wp\/v2\/tags?post=60843"}],"curies":[{"name":"wp","href":"https:\/\/api.w.org\/{rel}","templated":true}]}}